{"id":213700,"date":"2026-09-05T15:56:32","date_gmt":"2026-09-05T21:56:32","guid":{"rendered":"https:\/\/canal7slp.tv\/2026\/sheinbaum-impulsa-reforma-para-prohibir-la-doble-nacionalidad-presidencial\/"},"modified":"2026-09-05T15:56:37","modified_gmt":"2026-09-05T21:56:37","slug":"sheinbaum-impulsa-reforma-para-prohibir-la-doble-nacionalidad-presidencial","status":"publish","type":"post","link":"https:\/\/canal7slp.tv\/2026\/sheinbaum-impulsa-reforma-para-prohibir-la-doble-nacionalidad-presidencial\/","title":{"rendered":"Sheinbaum impulsa reforma para prohibir la doble nacionalidad presidencial"},"content":{"rendered":"<p>La presidenta Claudia Sheinbaum ha presentado una iniciativa constitucional para prohibir que ciudadanos con doble o triple nacionalidad ocupen la presidencia de M\u00e9xico. La propuesta busca blindar la soberan\u00eda nacional frente a posibles conflictos de inter\u00e9s o lealtades divididas, estableciendo que el titular del Ejecutivo deba ser mexicano por nacimiento y sin otra nacionalidad, bajo el argumento de priorizar los intereses del Estado por encima de cualquier v\u00ednculo extranjero. Durante el proceso, la mandataria someti\u00f3 la medida a una votaci\u00f3n a mano alzada entre los asistentes, reafirmando su intenci\u00f3n de reformar los requisitos de elegibilidad vigentes. En el mismo espacio, Sheinbaum arremeti\u00f3 contra la reciente alianza pol\u00edtica entre el expresidente Vicente Fox y el l\u00edder del PRI, Alejandro &#8216;Alito&#8217; Moreno. La presidenta calific\u00f3 este acercamiento como una evidencia de la degradaci\u00f3n de la oposici\u00f3n, se\u00f1alando que la uni\u00f3n de ambos perfiles responde a intereses personales y de grupo en lugar de una agenda ciudadana. Este movimiento estrat\u00e9gico busca consolidar su base electoral al tiempo que establece una l\u00ednea clara sobre qui\u00e9nes pueden aspirar a la m\u00e1xima magistratura del pa\u00eds.<\/p>\n","protected":false},"excerpt":{"rendered":"<p>La presidenta Claudia Sheinbaum ha presentado una iniciativa constitucional para prohibir que ciudadanos con doble o triple nacionalidad ocupen la presidencia de M\u00e9xico. La propuesta busca blindar la soberan\u00eda nacional frente a posibles conflictos de inter\u00e9s o lealtades divididas, estableciendo que el titular del Ejecutivo deba ser mexicano por nacimiento y sin otra nacionalidad, bajo el argumento de priorizar los intereses del Estado por encima de cualquier v\u00ednculo extranjero. Durante el proceso, la mandataria someti\u00f3 la medida a una votaci\u00f3n a mano alzada entre los asistentes, reafirmando su intenci\u00f3n de reformar los requisitos de elegibilidad vigentes. En el mismo espacio, [&hellip;]<\/p>\n","protected":false},"author":2,"featured_media":213701,"comment_status":"closed","ping_status":"","sticky":false,"template":"","format":"standard","meta":{"_monsterinsights_skip_tracking":false,"footnotes":""},"categories":[46],"tags":[],"class_list":["post-213700","post","type-post","status-publish","format-standard","has-post-thumbnail","hentry","category-nacional","post--single"],"_links":{"self":[{"href":"https:\/\/canal7slp.tv\/2026\/wp-json\/wp\/v2\/posts\/213700","targetHints":{"allow":["GET"]}}],"collection":[{"href":"https:\/\/canal7slp.tv\/2026\/wp-json\/wp\/v2\/posts"}],"about":[{"href":"https:\/\/canal7slp.tv\/2026\/wp-json\/wp\/v2\/types\/post"}],"author":[{"embeddable":true,"href":"https:\/\/canal7slp.tv\/2026\/wp-json\/wp\/v2\/users\/2"}],"replies":[{"embeddable":true,"href":"https:\/\/canal7slp.tv\/2026\/wp-json\/wp\/v2\/comments?post=213700"}],"version-history":[{"count":1,"href":"https:\/\/canal7slp.tv\/2026\/wp-json\/wp\/v2\/posts\/213700\/revisions"}],"predecessor-version":[{"id":213702,"href":"https:\/\/canal7slp.tv\/2026\/wp-json\/wp\/v2\/posts\/213700\/revisions\/213702"}],"wp:featuredmedia":[{"embeddable":true,"href":"https:\/\/canal7slp.tv\/2026\/wp-json\/wp\/v2\/media\/213701"}],"wp:attachment":[{"href":"https:\/\/canal7slp.tv\/2026\/wp-json\/wp\/v2\/media?parent=213700"}],"wp:term":[{"taxonomy":"category","embeddable":true,"href":"https:\/\/canal7slp.tv\/2026\/wp-json\/wp\/v2\/categories?post=213700"},{"taxonomy":"post_tag","embeddable":true,"href":"https:\/\/canal7slp.tv\/2026\/wp-json\/wp\/v2\/tags?post=213700"}],"curies":[{"name":"wp","href":"https:\/\/api.w.org\/{rel}","templated":true}]}}