{"id":213682,"date":"2026-09-05T12:58:55","date_gmt":"2026-09-05T18:58:55","guid":{"rendered":"https:\/\/canal7slp.tv\/2026\/?p=213682"},"modified":"2026-09-05T12:58:55","modified_gmt":"2026-09-05T18:58:55","slug":"presentara-ejecutivo-local-iniciativa-para-regular-uso-de-celulares-en-escuelas-de-nivel-basico","status":"publish","type":"post","link":"https:\/\/canal7slp.tv\/2026\/presentara-ejecutivo-local-iniciativa-para-regular-uso-de-celulares-en-escuelas-de-nivel-basico\/","title":{"rendered":"Presentar\u00e1 Ejecutivo Local iniciativa para regular uso de celulares en escuelas de nivel b\u00e1sico"},"content":{"rendered":"<div style=\"text-align: justify;\">AUTOR: CLAUDIO IBARRA<\/div>\n<div style=\"text-align: justify;\"><\/div>\n<div style=\"text-align: justify;\">Ante la creciente preocupaci\u00f3n de maestros y padres de familia el gobernador Ricardo Gallardo Cardona dio a conocer que en los pr\u00f3ximos d\u00edas, presentar\u00e1 una iniciativa par regular el uso de celulares dentro de las aulas.<\/div>\n<div style=\"text-align: justify;\"><\/div>\n<div style=\"text-align: justify;\">Explic\u00f3 que esta medida se aplicar\u00eda en los planteles educativos del nivel b\u00e1sico y para lo cual, se har\u00eda una consulta con maestros y padres de familia.<\/div>\n<div style=\"text-align: justify;\"><\/div>\n<div style=\"text-align: justify;\">Afirm\u00f3 el mandatario estatal que maestros de distintos niveles educativos han manifestado su deseo de que se aborde esta problem\u00e1tica, pues usar el dispositivo durante las clases distrae a los alumnos y que dijo, es una situaci\u00f3n que incide en el aprendizaje.<\/div>\n<div style=\"text-align: justify;\"><\/div>\n<div style=\"text-align: justify;\">Se\u00f1al\u00f3 que aunque el gobierno del estado ha impulsado actividades recreativas para ni\u00f1os, ni\u00f1as y j\u00f3venes se hace necesario establecer reglas y l\u00edmites, cuando los alumnos ingresan a las aulas.<\/div>\n","protected":false},"excerpt":{"rendered":"<p>AUTOR: CLAUDIO IBARRA Ante la creciente preocupaci\u00f3n de maestros y padres de familia el gobernador Ricardo Gallardo Cardona dio a conocer que en los pr\u00f3ximos d\u00edas, presentar\u00e1 una iniciativa par regular el uso de celulares dentro de las aulas. Explic\u00f3 que esta medida se aplicar\u00eda en los planteles educativos del nivel b\u00e1sico y para lo cual, se har\u00eda una consulta con maestros y padres de familia. Afirm\u00f3 el mandatario estatal que maestros de distintos niveles educativos han manifestado su deseo de que se aborde esta problem\u00e1tica, pues usar el dispositivo durante las clases distrae a los alumnos y que dijo, [&hellip;]<\/p>\n","protected":false},"author":1,"featured_media":213683,"comment_status":"closed","ping_status":"closed","sticky":false,"template":"","format":"video","meta":{"_monsterinsights_skip_tracking":false,"footnotes":""},"categories":[5,45],"tags":[],"class_list":["post-213682","post","type-post","status-publish","format-video","has-post-thumbnail","hentry","category-destacadas","category-localesyregionales","post_format-post-format-video","post--single"],"_links":{"self":[{"href":"https:\/\/canal7slp.tv\/2026\/wp-json\/wp\/v2\/posts\/213682","targetHints":{"allow":["GET"]}}],"collection":[{"href":"https:\/\/canal7slp.tv\/2026\/wp-json\/wp\/v2\/posts"}],"about":[{"href":"https:\/\/canal7slp.tv\/2026\/wp-json\/wp\/v2\/types\/post"}],"author":[{"embeddable":true,"href":"https:\/\/canal7slp.tv\/2026\/wp-json\/wp\/v2\/users\/1"}],"replies":[{"embeddable":true,"href":"https:\/\/canal7slp.tv\/2026\/wp-json\/wp\/v2\/comments?post=213682"}],"version-history":[{"count":1,"href":"https:\/\/canal7slp.tv\/2026\/wp-json\/wp\/v2\/posts\/213682\/revisions"}],"predecessor-version":[{"id":213684,"href":"https:\/\/canal7slp.tv\/2026\/wp-json\/wp\/v2\/posts\/213682\/revisions\/213684"}],"wp:featuredmedia":[{"embeddable":true,"href":"https:\/\/canal7slp.tv\/2026\/wp-json\/wp\/v2\/media\/213683"}],"wp:attachment":[{"href":"https:\/\/canal7slp.tv\/2026\/wp-json\/wp\/v2\/media?parent=213682"}],"wp:term":[{"taxonomy":"category","embeddable":true,"href":"https:\/\/canal7slp.tv\/2026\/wp-json\/wp\/v2\/categories?post=213682"},{"taxonomy":"post_tag","embeddable":true,"href":"https:\/\/canal7slp.tv\/2026\/wp-json\/wp\/v2\/tags?post=213682"}],"curies":[{"name":"wp","href":"https:\/\/api.w.org\/{rel}","templated":true}]}}