{"id":213678,"date":"2026-09-05T12:48:45","date_gmt":"2026-09-05T18:48:45","guid":{"rendered":"https:\/\/canal7slp.tv\/2026\/?p=213678"},"modified":"2026-09-05T12:48:45","modified_gmt":"2026-09-05T18:48:45","slug":"recorridos-de-claudia-sheinbaum-a-los-estados-son-para-fortalecer-a-la-4t-pan","status":"publish","type":"post","link":"https:\/\/canal7slp.tv\/2026\/recorridos-de-claudia-sheinbaum-a-los-estados-son-para-fortalecer-a-la-4t-pan\/","title":{"rendered":"Recorridos de Claudia Sheinbaum a los estados, son para fortalecer a la 4T: PAN"},"content":{"rendered":"<div style=\"text-align: justify;\">AUTOR: CLAUDIO IBARRA<\/div>\n<div style=\"text-align: justify;\"><\/div>\n<div style=\"text-align: justify;\">La dirigencia estatal del Partido Acci\u00f3n Nacional calific\u00f3 como un acto privado el segundo informe de la presidenta Claudia Sheinbaum, al afirmar su secretario general y presidente en funciones que solo invitaron a los amigos afines a la 4T.<\/div>\n<div style=\"text-align: justify;\"><\/div>\n<div style=\"text-align: justify;\">Asimismo, Enrique Dahud afirm\u00f3 que en este informe la presidenta de M\u00e9xico evadi\u00f3 los grandes temas sociales al decir que busca proyectar una visi\u00f3n del pa\u00eds, que contrasta con la realidad.<\/div>\n<div style=\"text-align: justify;\"><\/div>\n<div style=\"text-align: justify;\">De igual manera el dirigente panista se refiri\u00f3 a la visita de la presidenta de la rep\u00fablica a San Luis Potos\u00ed este viernes.<\/div>\n<div style=\"text-align: justify;\"><\/div>\n<div style=\"text-align: justify;\">Asegur\u00f3 que los recorridos que est\u00e1 realizando por todo el territorio nacional para replicar su segundo informe de gobierno, en realidad son actos partidistas para reforzar a MORENA.<\/div>\n","protected":false},"excerpt":{"rendered":"<p>AUTOR: CLAUDIO IBARRA La dirigencia estatal del Partido Acci\u00f3n Nacional calific\u00f3 como un acto privado el segundo informe de la presidenta Claudia Sheinbaum, al afirmar su secretario general y presidente en funciones que solo invitaron a los amigos afines a la 4T. Asimismo, Enrique Dahud afirm\u00f3 que en este informe la presidenta de M\u00e9xico evadi\u00f3 los grandes temas sociales al decir que busca proyectar una visi\u00f3n del pa\u00eds, que contrasta con la realidad. De igual manera el dirigente panista se refiri\u00f3 a la visita de la presidenta de la rep\u00fablica a San Luis Potos\u00ed este viernes. Asegur\u00f3 que los recorridos [&hellip;]<\/p>\n","protected":false},"author":1,"featured_media":213679,"comment_status":"closed","ping_status":"closed","sticky":false,"template":"","format":"video","meta":{"_monsterinsights_skip_tracking":false,"footnotes":""},"categories":[5,45],"tags":[],"class_list":["post-213678","post","type-post","status-publish","format-video","has-post-thumbnail","hentry","category-destacadas","category-localesyregionales","post_format-post-format-video","post--single"],"_links":{"self":[{"href":"https:\/\/canal7slp.tv\/2026\/wp-json\/wp\/v2\/posts\/213678","targetHints":{"allow":["GET"]}}],"collection":[{"href":"https:\/\/canal7slp.tv\/2026\/wp-json\/wp\/v2\/posts"}],"about":[{"href":"https:\/\/canal7slp.tv\/2026\/wp-json\/wp\/v2\/types\/post"}],"author":[{"embeddable":true,"href":"https:\/\/canal7slp.tv\/2026\/wp-json\/wp\/v2\/users\/1"}],"replies":[{"embeddable":true,"href":"https:\/\/canal7slp.tv\/2026\/wp-json\/wp\/v2\/comments?post=213678"}],"version-history":[{"count":1,"href":"https:\/\/canal7slp.tv\/2026\/wp-json\/wp\/v2\/posts\/213678\/revisions"}],"predecessor-version":[{"id":213680,"href":"https:\/\/canal7slp.tv\/2026\/wp-json\/wp\/v2\/posts\/213678\/revisions\/213680"}],"wp:featuredmedia":[{"embeddable":true,"href":"https:\/\/canal7slp.tv\/2026\/wp-json\/wp\/v2\/media\/213679"}],"wp:attachment":[{"href":"https:\/\/canal7slp.tv\/2026\/wp-json\/wp\/v2\/media?parent=213678"}],"wp:term":[{"taxonomy":"category","embeddable":true,"href":"https:\/\/canal7slp.tv\/2026\/wp-json\/wp\/v2\/categories?post=213678"},{"taxonomy":"post_tag","embeddable":true,"href":"https:\/\/canal7slp.tv\/2026\/wp-json\/wp\/v2\/tags?post=213678"}],"curies":[{"name":"wp","href":"https:\/\/api.w.org\/{rel}","templated":true}]}}