{"id":213675,"date":"2026-09-05T12:30:05","date_gmt":"2026-09-05T18:30:05","guid":{"rendered":"https:\/\/canal7slp.tv\/2026\/?p=213675"},"modified":"2026-09-05T12:30:05","modified_gmt":"2026-09-05T18:30:05","slug":"juan-francisco-aguilar-sin-pronunciarse-sobre-supuesta-declinacion-en-proceso-de-coordinacion-al-interior-del-pan-enrique-dahud","status":"publish","type":"post","link":"https:\/\/canal7slp.tv\/2026\/juan-francisco-aguilar-sin-pronunciarse-sobre-supuesta-declinacion-en-proceso-de-coordinacion-al-interior-del-pan-enrique-dahud\/","title":{"rendered":"Juan Francisco Aguilar, sin pronunciarse sobre supuesta declinaci\u00f3n en proceso de coordinaci\u00f3n al interior del PAN: Enrique Dahud"},"content":{"rendered":"<p style=\"text-align: justify;\">AUTOR: CLAUDIO IBARRA<\/p>\n<p style=\"text-align: justify;\">Al comentar sobre la reuni\u00f3n entre los aspirantes Marcelo de los Santos Anaya y Elodia Guti\u00e9rrez Estrada y en donde \u00e9sta \u00faltima declin\u00f3 a favor del primero, el secretario general del Comit\u00e9 Directivo Estatal del PAN en funciones de presidente, Enrique Dahud Uresti, coment\u00f3 que con esta decisi\u00f3n quedar\u00edan dos aspirantes menos de la lista inicial si el tambien aspirante Juan Francisco Aguilar, tambien declina \u00f3 se retira del proceso.<\/p>\n<p style=\"text-align: justify;\">El dirigente panista se\u00f1al\u00f3 que el aspirante a coordinar la defensa de la patria, la familia y la libertad en la ciudad capital Juan Francisco Aguilar, hasta este viernes no hab\u00eda fijado una postura al respecto ni se hab\u00eda tenido contacto con \u00e9l.<\/p>\n<p style=\"text-align: justify;\">En este contexto, el presidente en funciones del CDE del PAN inform\u00f3 sobre la lista actualizada de los aspirantes a coordinar la defensa de la patria, la familia y la libertad en la ciudad capital.<\/p>\n","protected":false},"excerpt":{"rendered":"<p>AUTOR: CLAUDIO IBARRA Al comentar sobre la reuni\u00f3n entre los aspirantes Marcelo de los Santos Anaya y Elodia Guti\u00e9rrez Estrada y en donde \u00e9sta \u00faltima declin\u00f3 a favor del primero, el secretario general del Comit\u00e9 Directivo Estatal del PAN en funciones de presidente, Enrique Dahud Uresti, coment\u00f3 que con esta decisi\u00f3n quedar\u00edan dos aspirantes menos de la lista inicial si el tambien aspirante Juan Francisco Aguilar, tambien declina \u00f3 se retira del proceso. El dirigente panista se\u00f1al\u00f3 que el aspirante a coordinar la defensa de la patria, la familia y la libertad en la ciudad capital Juan Francisco Aguilar, hasta [&hellip;]<\/p>\n","protected":false},"author":1,"featured_media":213676,"comment_status":"closed","ping_status":"closed","sticky":false,"template":"","format":"video","meta":{"_monsterinsights_skip_tracking":false,"footnotes":""},"categories":[5,45],"tags":[],"class_list":["post-213675","post","type-post","status-publish","format-video","has-post-thumbnail","hentry","category-destacadas","category-localesyregionales","post_format-post-format-video","post--single"],"_links":{"self":[{"href":"https:\/\/canal7slp.tv\/2026\/wp-json\/wp\/v2\/posts\/213675","targetHints":{"allow":["GET"]}}],"collection":[{"href":"https:\/\/canal7slp.tv\/2026\/wp-json\/wp\/v2\/posts"}],"about":[{"href":"https:\/\/canal7slp.tv\/2026\/wp-json\/wp\/v2\/types\/post"}],"author":[{"embeddable":true,"href":"https:\/\/canal7slp.tv\/2026\/wp-json\/wp\/v2\/users\/1"}],"replies":[{"embeddable":true,"href":"https:\/\/canal7slp.tv\/2026\/wp-json\/wp\/v2\/comments?post=213675"}],"version-history":[{"count":1,"href":"https:\/\/canal7slp.tv\/2026\/wp-json\/wp\/v2\/posts\/213675\/revisions"}],"predecessor-version":[{"id":213677,"href":"https:\/\/canal7slp.tv\/2026\/wp-json\/wp\/v2\/posts\/213675\/revisions\/213677"}],"wp:featuredmedia":[{"embeddable":true,"href":"https:\/\/canal7slp.tv\/2026\/wp-json\/wp\/v2\/media\/213676"}],"wp:attachment":[{"href":"https:\/\/canal7slp.tv\/2026\/wp-json\/wp\/v2\/media?parent=213675"}],"wp:term":[{"taxonomy":"category","embeddable":true,"href":"https:\/\/canal7slp.tv\/2026\/wp-json\/wp\/v2\/categories?post=213675"},{"taxonomy":"post_tag","embeddable":true,"href":"https:\/\/canal7slp.tv\/2026\/wp-json\/wp\/v2\/tags?post=213675"}],"curies":[{"name":"wp","href":"https:\/\/api.w.org\/{rel}","templated":true}]}}