{"id":213656,"date":"2026-09-04T15:24:31","date_gmt":"2026-09-04T21:24:31","guid":{"rendered":"https:\/\/canal7slp.tv\/2026\/?p=213656"},"modified":"2026-09-04T15:24:31","modified_gmt":"2026-09-04T21:24:31","slug":"arranca-ayuntamiento-capitalino-rehabilitacion-de-calle-amatista-parte-del-programa-vialidades-potosinas","status":"publish","type":"post","link":"https:\/\/canal7slp.tv\/2026\/arranca-ayuntamiento-capitalino-rehabilitacion-de-calle-amatista-parte-del-programa-vialidades-potosinas\/","title":{"rendered":"Arranca Ayuntamiento Capitalino rehabilitaci\u00f3n de calle Amatista, parte del programa Vialidades Potosinas"},"content":{"rendered":"<p style=\"text-align: justify;\">El Ayuntamiento de San Luis Potos\u00ed realiz\u00f3 el arranque oficial de la rehabilitaci\u00f3n de la calle Amatista ubicada en la colonia Industrias.<\/p>\n<p style=\"text-align: justify;\">Las acciones de mejora se generar\u00e1n de la calle Carey a calle Madre Perla y al respecto habl\u00f3 el director de Obras P\u00fablicas, Eustorgio Ch\u00e1vez Garza.<\/p>\n<p style=\"text-align: justify;\">\u201cEl d\u00eda de hoy nos toca pavimentar la obra n\u00famero 75 dentro del programa de Vialidades Potosinas (\u2026) una pavimentaci\u00f3n de m\u00e1s de ocho mil metros cuadrados que tambi\u00e9n se van a intervenir m\u00e1s de 800 metros cuadrados de bacheo\u201d.<\/p>\n<p style=\"text-align: justify;\">La obra se entregar\u00e1 en un lapso no mayor a tres meses e incluir\u00e1 por igual pintura en carriles, guarnici\u00f3n, pasos peatonales y piezas de se\u00f1al\u00e9tica vertical.<\/p>\n<p style=\"text-align: justify;\">La beneficiaria, M\u00f3nica Mart\u00ednez Gonz\u00e1lez, ofreci\u00f3 unas palabras en agradecimiento por la obra.<\/p>\n<p style=\"text-align: justify;\">\u201cEs un honor para nosotros alcalde, tenerlo aqu\u00ed en la colonia, es la tercera vez que nos visita, estamos muy agradecidos porque es un gobierno que nos escucha, porque siempre est\u00e1n atentos a todos nosotros\u201d.<\/p>\n<p style=\"text-align: justify;\">El edil, Enrique Galindo Ceballos, destac\u00f3 la cantidad de acciones realizadas hasta este momento.<\/p>\n<p style=\"text-align: justify;\">\u201cHoy s\u00ed de abril para ac\u00e1 75 obras, todas est\u00e1n en proceso ahorita; hay otras 40 obras de Interapas que son los socavones que andan en toda la ciudad tratando de salir adelante con una gran cantidad de socavones\u201d.<\/p>\n<p style=\"text-align: justify;\">La mejora se hab\u00eda prometido a vecinos ante las p\u00e9simas condiciones que hay en la vialidad en cuesti\u00f3n.<\/p>\n<p style=\"text-align: justify;\">\u201cPero hoy lo importante es estar aqu\u00ed en Amatista, esta es una obra que la hab\u00edamos comprometido ya, ya no la hab\u00edan pedido y hoy me da mucho gusto venir a dar el banderazo\u201d.<\/p>\n<p style=\"text-align: justify;\">Pidi\u00f3 a los habitantes de la colonia Industrias, as\u00ed como personas que pasen por este punto, paciencia para completar los trabajos de rehabilitaci\u00f3n que reiter\u00f3, no ser\u00e1n mayores a tres meses.<\/p>\n","protected":false},"excerpt":{"rendered":"<p>El Ayuntamiento de San Luis Potos\u00ed realiz\u00f3 el arranque oficial de la rehabilitaci\u00f3n de la calle Amatista ubicada en la colonia Industrias. Las acciones de mejora se generar\u00e1n de la calle Carey a calle Madre Perla y al respecto habl\u00f3 el director de Obras P\u00fablicas, Eustorgio Ch\u00e1vez Garza. \u201cEl d\u00eda de hoy nos toca pavimentar la obra n\u00famero 75 dentro del programa de Vialidades Potosinas (\u2026) una pavimentaci\u00f3n de m\u00e1s de ocho mil metros cuadrados que tambi\u00e9n se van a intervenir m\u00e1s de 800 metros cuadrados de bacheo\u201d. La obra se entregar\u00e1 en un lapso no mayor a tres meses [&hellip;]<\/p>\n","protected":false},"author":1,"featured_media":213657,"comment_status":"closed","ping_status":"closed","sticky":false,"template":"","format":"video","meta":{"_monsterinsights_skip_tracking":false,"footnotes":""},"categories":[5,45],"tags":[],"class_list":["post-213656","post","type-post","status-publish","format-video","has-post-thumbnail","hentry","category-destacadas","category-localesyregionales","post_format-post-format-video","post--single"],"_links":{"self":[{"href":"https:\/\/canal7slp.tv\/2026\/wp-json\/wp\/v2\/posts\/213656","targetHints":{"allow":["GET"]}}],"collection":[{"href":"https:\/\/canal7slp.tv\/2026\/wp-json\/wp\/v2\/posts"}],"about":[{"href":"https:\/\/canal7slp.tv\/2026\/wp-json\/wp\/v2\/types\/post"}],"author":[{"embeddable":true,"href":"https:\/\/canal7slp.tv\/2026\/wp-json\/wp\/v2\/users\/1"}],"replies":[{"embeddable":true,"href":"https:\/\/canal7slp.tv\/2026\/wp-json\/wp\/v2\/comments?post=213656"}],"version-history":[{"count":1,"href":"https:\/\/canal7slp.tv\/2026\/wp-json\/wp\/v2\/posts\/213656\/revisions"}],"predecessor-version":[{"id":213658,"href":"https:\/\/canal7slp.tv\/2026\/wp-json\/wp\/v2\/posts\/213656\/revisions\/213658"}],"wp:featuredmedia":[{"embeddable":true,"href":"https:\/\/canal7slp.tv\/2026\/wp-json\/wp\/v2\/media\/213657"}],"wp:attachment":[{"href":"https:\/\/canal7slp.tv\/2026\/wp-json\/wp\/v2\/media?parent=213656"}],"wp:term":[{"taxonomy":"category","embeddable":true,"href":"https:\/\/canal7slp.tv\/2026\/wp-json\/wp\/v2\/categories?post=213656"},{"taxonomy":"post_tag","embeddable":true,"href":"https:\/\/canal7slp.tv\/2026\/wp-json\/wp\/v2\/tags?post=213656"}],"curies":[{"name":"wp","href":"https:\/\/api.w.org\/{rel}","templated":true}]}}