{"id":213646,"date":"2026-09-04T12:48:41","date_gmt":"2026-09-04T18:48:41","guid":{"rendered":"https:\/\/canal7slp.tv\/2026\/?p=213646"},"modified":"2026-09-04T12:48:41","modified_gmt":"2026-09-04T18:48:41","slug":"obra-de-reposicion-de-drenaje-en-la-colonia-san-francisco-inicia-ayuntamiento-soledense","status":"publish","type":"post","link":"https:\/\/canal7slp.tv\/2026\/obra-de-reposicion-de-drenaje-en-la-colonia-san-francisco-inicia-ayuntamiento-soledense\/","title":{"rendered":"Obra de reposici\u00f3n de drenaje en la colonia San Francisco, inicia Ayuntamiento Soledense"},"content":{"rendered":"<p style=\"text-align: justify;\">Con una inversi\u00f3n de casi 4 millones de pesos en la calle Colombia de la colonia San Francisco arranc\u00f3 la obra de reposici\u00f3n de drenaje, para el fortalecimiento hidr\u00e1ulico.<\/p>\n<p style=\"text-align: justify;\">Se destac\u00f3 que se instalar\u00e1 tuber\u00eda de diversos di\u00e1metros para la rehabilitaci\u00f3n de l\u00edneas de la red sanitaria en este sector.<\/p>\n<p style=\"text-align: justify;\">Asimismo, se dio a conocer que esta obra beneficiar\u00e1 a poco m\u00e1s de 4 mil personas que viven en esta zona y en donde el alcalde soledense Juan Manuel Navarro, dijo tambien que en aproximadamente 15 d\u00edas se inaugurar\u00e1 el nuevo Centro Integral para la Capacitaci\u00f3n y el Deporte ubicado en esta misma colonia.<\/p>\n<p style=\"text-align: justify;\">Asegur\u00f3 que todos los problemas de drenaje y desabasto de agua en las colonias de Soledad ser\u00e1n resueltos por su administraci\u00f3n.<\/p>\n","protected":false},"excerpt":{"rendered":"<p>Con una inversi\u00f3n de casi 4 millones de pesos en la calle Colombia de la colonia San Francisco arranc\u00f3 la obra de reposici\u00f3n de drenaje, para el fortalecimiento hidr\u00e1ulico. Se destac\u00f3 que se instalar\u00e1 tuber\u00eda de diversos di\u00e1metros para la rehabilitaci\u00f3n de l\u00edneas de la red sanitaria en este sector. Asimismo, se dio a conocer que esta obra beneficiar\u00e1 a poco m\u00e1s de 4 mil personas que viven en esta zona y en donde el alcalde soledense Juan Manuel Navarro, dijo tambien que en aproximadamente 15 d\u00edas se inaugurar\u00e1 el nuevo Centro Integral para la Capacitaci\u00f3n y el Deporte ubicado [&hellip;]<\/p>\n","protected":false},"author":1,"featured_media":213647,"comment_status":"closed","ping_status":"closed","sticky":false,"template":"","format":"video","meta":{"_monsterinsights_skip_tracking":false,"footnotes":""},"categories":[5,43],"tags":[],"class_list":["post-213646","post","type-post","status-publish","format-video","has-post-thumbnail","hentry","category-destacadas","category-interior","post_format-post-format-video","post--single"],"_links":{"self":[{"href":"https:\/\/canal7slp.tv\/2026\/wp-json\/wp\/v2\/posts\/213646","targetHints":{"allow":["GET"]}}],"collection":[{"href":"https:\/\/canal7slp.tv\/2026\/wp-json\/wp\/v2\/posts"}],"about":[{"href":"https:\/\/canal7slp.tv\/2026\/wp-json\/wp\/v2\/types\/post"}],"author":[{"embeddable":true,"href":"https:\/\/canal7slp.tv\/2026\/wp-json\/wp\/v2\/users\/1"}],"replies":[{"embeddable":true,"href":"https:\/\/canal7slp.tv\/2026\/wp-json\/wp\/v2\/comments?post=213646"}],"version-history":[{"count":1,"href":"https:\/\/canal7slp.tv\/2026\/wp-json\/wp\/v2\/posts\/213646\/revisions"}],"predecessor-version":[{"id":213648,"href":"https:\/\/canal7slp.tv\/2026\/wp-json\/wp\/v2\/posts\/213646\/revisions\/213648"}],"wp:featuredmedia":[{"embeddable":true,"href":"https:\/\/canal7slp.tv\/2026\/wp-json\/wp\/v2\/media\/213647"}],"wp:attachment":[{"href":"https:\/\/canal7slp.tv\/2026\/wp-json\/wp\/v2\/media?parent=213646"}],"wp:term":[{"taxonomy":"category","embeddable":true,"href":"https:\/\/canal7slp.tv\/2026\/wp-json\/wp\/v2\/categories?post=213646"},{"taxonomy":"post_tag","embeddable":true,"href":"https:\/\/canal7slp.tv\/2026\/wp-json\/wp\/v2\/tags?post=213646"}],"curies":[{"name":"wp","href":"https:\/\/api.w.org\/{rel}","templated":true}]}}