{"id":213625,"date":"2026-09-04T11:11:00","date_gmt":"2026-09-04T17:11:00","guid":{"rendered":"https:\/\/canal7slp.tv\/2026\/?p=213625"},"modified":"2026-09-04T11:25:49","modified_gmt":"2026-09-04T17:25:49","slug":"impulsa-mexico-estrategia-nacional-de-agricultura-regenerativa-y-resiliencia-alimentaria","status":"publish","type":"post","link":"https:\/\/canal7slp.tv\/2026\/impulsa-mexico-estrategia-nacional-de-agricultura-regenerativa-y-resiliencia-alimentaria\/","title":{"rendered":"Impulsa M\u00e9xico estrategia nacional de agricultura regenerativa y resiliencia alimentaria"},"content":{"rendered":"<p>El Gobierno Federal, en coordinaci\u00f3n con diversos actores del sector agroindustrial, informa sobre los avances estrat\u00e9gicos en materia de agricultura regenerativa implementados en territorio nacional. Bajo esta directriz, se promueve un modelo que integra la productividad agr\u00edcola con la gesti\u00f3n responsable de los recursos h\u00eddricos, consolidando a M\u00e9xico como un eje central para el desarrollo de soluciones sustentables a nivel internacional. Este enfoque busca mitigar los impactos del cambio clim\u00e1tico mediante pr\u00e1cticas que restauran la salud del suelo y garantizan la seguridad alimentaria a largo plazo.<br \/>\nLa estrategia institucional se fundamenta en la adopci\u00f3n de tecnolog\u00edas de vanguardia, donde la inteligencia artificial desempe\u00f1a un papel determinante en la optimizaci\u00f3n de los procesos productivos. La implementaci\u00f3n de nuevas variedades de semillas, adaptadas a las condiciones clim\u00e1ticas del pa\u00eds, representa un avance significativo hacia la eficiencia operativa y el uso racional del agua en el campo. Estas herramientas digitales permiten a los productores tomar decisiones precisas, basadas en datos anal\u00edticos que favorecen la resiliencia de los sistemas agr\u00edcolas frente a la escasez de precipitaciones. Asimismo, se reitera el compromiso de fomentar un ecosistema de innovaci\u00f3n que sit\u00fae a M\u00e9xico a la vanguardia de la producci\u00f3n sustentable.<br \/>\nLa colaboraci\u00f3n entre el sector privado y las pol\u00edticas de desarrollo rural es esencial para fortalecer la competitividad del campo mexicano, asegurando que el crecimiento econ\u00f3mico sea compatible con la preservaci\u00f3n de los ecosistemas locales. Con estas acciones, la administraci\u00f3n reafirma su voluntad de impulsar un sector primario moderno, capaz de equilibrar la alta productividad con el cumplimiento estricto de los objetivos globales de sostenibilidad.<\/p>\n","protected":false},"excerpt":{"rendered":"<p>El Gobierno Federal, en coordinaci\u00f3n con diversos actores del sector agroindustrial, informa sobre los avances estrat\u00e9gicos en materia de agricultura regenerativa implementados en territorio nacional. Bajo esta directriz, se promueve un modelo que integra la productividad agr\u00edcola con la gesti\u00f3n responsable de los recursos h\u00eddricos, consolidando a M\u00e9xico como un eje central para el desarrollo de soluciones sustentables a nivel internacional. Este enfoque busca mitigar los impactos del cambio clim\u00e1tico mediante pr\u00e1cticas que restauran la salud del suelo y garantizan la seguridad alimentaria a largo plazo. La estrategia institucional se fundamenta en la adopci\u00f3n de tecnolog\u00edas de vanguardia, donde la [&hellip;]<\/p>\n","protected":false},"author":2,"featured_media":213626,"comment_status":"closed","ping_status":"closed","sticky":false,"template":"","format":"standard","meta":{"_monsterinsights_skip_tracking":false,"footnotes":""},"categories":[5,40],"tags":[],"class_list":["post-213625","post","type-post","status-publish","format-standard","has-post-thumbnail","hentry","category-destacadas","category-economia","post--single"],"_links":{"self":[{"href":"https:\/\/canal7slp.tv\/2026\/wp-json\/wp\/v2\/posts\/213625","targetHints":{"allow":["GET"]}}],"collection":[{"href":"https:\/\/canal7slp.tv\/2026\/wp-json\/wp\/v2\/posts"}],"about":[{"href":"https:\/\/canal7slp.tv\/2026\/wp-json\/wp\/v2\/types\/post"}],"author":[{"embeddable":true,"href":"https:\/\/canal7slp.tv\/2026\/wp-json\/wp\/v2\/users\/2"}],"replies":[{"embeddable":true,"href":"https:\/\/canal7slp.tv\/2026\/wp-json\/wp\/v2\/comments?post=213625"}],"version-history":[{"count":2,"href":"https:\/\/canal7slp.tv\/2026\/wp-json\/wp\/v2\/posts\/213625\/revisions"}],"predecessor-version":[{"id":213633,"href":"https:\/\/canal7slp.tv\/2026\/wp-json\/wp\/v2\/posts\/213625\/revisions\/213633"}],"wp:featuredmedia":[{"embeddable":true,"href":"https:\/\/canal7slp.tv\/2026\/wp-json\/wp\/v2\/media\/213626"}],"wp:attachment":[{"href":"https:\/\/canal7slp.tv\/2026\/wp-json\/wp\/v2\/media?parent=213625"}],"wp:term":[{"taxonomy":"category","embeddable":true,"href":"https:\/\/canal7slp.tv\/2026\/wp-json\/wp\/v2\/categories?post=213625"},{"taxonomy":"post_tag","embeddable":true,"href":"https:\/\/canal7slp.tv\/2026\/wp-json\/wp\/v2\/tags?post=213625"}],"curies":[{"name":"wp","href":"https:\/\/api.w.org\/{rel}","templated":true}]}}