{"id":213620,"date":"2026-09-03T11:44:41","date_gmt":"2026-09-03T17:44:41","guid":{"rendered":"https:\/\/canal7slp.tv\/2026\/presidenta-sheinbaum-anuncia-visita-del-mandatario-surcoreano-para-fortalecer-la-agenda-bilateral\/"},"modified":"2026-09-03T11:44:51","modified_gmt":"2026-09-03T17:44:51","slug":"presidenta-sheinbaum-anuncia-visita-del-mandatario-surcoreano-para-fortalecer-la-agenda-bilateral","status":"publish","type":"post","link":"https:\/\/canal7slp.tv\/2026\/presidenta-sheinbaum-anuncia-visita-del-mandatario-surcoreano-para-fortalecer-la-agenda-bilateral\/","title":{"rendered":"Presidenta Sheinbaum anuncia visita del mandatario surcoreano para fortalecer la agenda bilateral"},"content":{"rendered":"<p>La Presidenta de M\u00e9xico, Claudia Sheinbaum Pardo, ha confirmado de manera oficial la pr\u00f3xima visita de Estado del mandatario de Corea del Sur, Lee Jae-myung, con el objetivo de robustecer los v\u00ednculos diplom\u00e1ticos y econ\u00f3micos que sostienen ambas naciones. Durante su conferencia matutina, la titular del Ejecutivo federal subray\u00f3 que este encuentro se perfila como una plataforma estrat\u00e9gica para el intercambio comercial y el fortalecimiento de los lazos culturales, elementos que resultan fundamentales en el actual contexto de integraci\u00f3n transpac\u00edfica y desarrollo industrial compartido.<br \/>\nLa agenda prevista contempla el an\u00e1lisis de diversas l\u00edneas de cooperaci\u00f3n, con particular \u00e9nfasis en la atracci\u00f3n de inversiones tecnol\u00f3gicas y el impulso a la colaboraci\u00f3n en proyectos de infraestructura sostenible. M\u00e1s all\u00e1 de los protocolos diplom\u00e1ticos tradicionales, la mandataria hizo \u00e9nfasis en el car\u00e1cter inclusivo de esta visita, anunciando que se ha preparado una intervenci\u00f3n art\u00edstica de corte musical dise\u00f1ada espec\u00edficamente para conectar con la juventud mexicana. Esta iniciativa busca promover un di\u00e1logo intergeneracional que trascienda las fronteras pol\u00edticas, consolidando as\u00ed un mensaje de cercan\u00eda y apertura hacia las nuevas generaciones, al tiempo que se fomenta un mayor conocimiento de la rica tradici\u00f3n cultural de la naci\u00f3n asi\u00e1tica en suelo mexicano.<br \/>\nLa recepci\u00f3n del mandatario surcoreano no solo constituye un evento protocolario de gran relevancia, sino que marca el inicio de una etapa de profundizaci\u00f3n en la agenda bilateral, la cual promete repercutir favorablemente en los \u00e1mbitos econ\u00f3mico, educativo y de intercambio cultural entre ambos pa\u00edses.<\/p>\n","protected":false},"excerpt":{"rendered":"<p>La Presidenta de M\u00e9xico, Claudia Sheinbaum Pardo, ha confirmado de manera oficial la pr\u00f3xima visita de Estado del mandatario de Corea del Sur, Lee Jae-myung, con el objetivo de robustecer los v\u00ednculos diplom\u00e1ticos y econ\u00f3micos que sostienen ambas naciones. Durante su conferencia matutina, la titular del Ejecutivo federal subray\u00f3 que este encuentro se perfila como una plataforma estrat\u00e9gica para el intercambio comercial y el fortalecimiento de los lazos culturales, elementos que resultan fundamentales en el actual contexto de integraci\u00f3n transpac\u00edfica y desarrollo industrial compartido. La agenda prevista contempla el an\u00e1lisis de diversas l\u00edneas de cooperaci\u00f3n, con particular \u00e9nfasis en la [&hellip;]<\/p>\n","protected":false},"author":2,"featured_media":213621,"comment_status":"closed","ping_status":"","sticky":false,"template":"","format":"standard","meta":{"_monsterinsights_skip_tracking":false,"footnotes":""},"categories":[46],"tags":[],"class_list":["post-213620","post","type-post","status-publish","format-standard","has-post-thumbnail","hentry","category-nacional","post--single"],"_links":{"self":[{"href":"https:\/\/canal7slp.tv\/2026\/wp-json\/wp\/v2\/posts\/213620","targetHints":{"allow":["GET"]}}],"collection":[{"href":"https:\/\/canal7slp.tv\/2026\/wp-json\/wp\/v2\/posts"}],"about":[{"href":"https:\/\/canal7slp.tv\/2026\/wp-json\/wp\/v2\/types\/post"}],"author":[{"embeddable":true,"href":"https:\/\/canal7slp.tv\/2026\/wp-json\/wp\/v2\/users\/2"}],"replies":[{"embeddable":true,"href":"https:\/\/canal7slp.tv\/2026\/wp-json\/wp\/v2\/comments?post=213620"}],"version-history":[{"count":1,"href":"https:\/\/canal7slp.tv\/2026\/wp-json\/wp\/v2\/posts\/213620\/revisions"}],"predecessor-version":[{"id":213622,"href":"https:\/\/canal7slp.tv\/2026\/wp-json\/wp\/v2\/posts\/213620\/revisions\/213622"}],"wp:featuredmedia":[{"embeddable":true,"href":"https:\/\/canal7slp.tv\/2026\/wp-json\/wp\/v2\/media\/213621"}],"wp:attachment":[{"href":"https:\/\/canal7slp.tv\/2026\/wp-json\/wp\/v2\/media?parent=213620"}],"wp:term":[{"taxonomy":"category","embeddable":true,"href":"https:\/\/canal7slp.tv\/2026\/wp-json\/wp\/v2\/categories?post=213620"},{"taxonomy":"post_tag","embeddable":true,"href":"https:\/\/canal7slp.tv\/2026\/wp-json\/wp\/v2\/tags?post=213620"}],"curies":[{"name":"wp","href":"https:\/\/api.w.org\/{rel}","templated":true}]}}