{"id":213619,"date":"2026-09-04T11:59:53","date_gmt":"2026-09-04T17:59:53","guid":{"rendered":"https:\/\/canal7slp.tv\/2026\/?p=213619"},"modified":"2026-09-04T11:59:53","modified_gmt":"2026-09-04T17:59:53","slug":"primera-feria-de-las-flores-inauguraron-autoridades-de-villa-de-pozos","status":"publish","type":"post","link":"https:\/\/canal7slp.tv\/2026\/primera-feria-de-las-flores-inauguraron-autoridades-de-villa-de-pozos\/","title":{"rendered":"Primera Feria de las Flores, inauguraron autoridades de Villa de Pozos"},"content":{"rendered":"<p style=\"text-align: justify;\">El Gobierno Municipal de Villa de Pozos realiz\u00f3 el corte de list\u00f3n inaugural de la primera edici\u00f3n de la Feria de las Flores en la plaza principal.<\/p>\n<p style=\"text-align: justify;\">La muestra estar\u00e1 disponible hasta el 13 de septiembre.<\/p>\n<p style=\"text-align: justify;\">Durante su participaci\u00f3n, la directora de Desarrollo Econ\u00f3mico, Erika del Roc\u00edo Ortiz L\u00f3pez, destac\u00f3 el trabajo y dedicaci\u00f3n de viveristas y floristas participantes.<\/p>\n<p style=\"text-align: justify;\">\u00abUn espacio que nace para celebrar la belleza de nuestras flores, pero tambi\u00e9n para reconocer el talento, el esfuerzo y la capacidad de emprendimiento de nuestra gente\u2026 Sabemos que detr\u00e1s de cada flor y cada producto que hoy encontramos aqu\u00ed, existe una historia de trabajo, dedicaci\u00f3n y muchas horas de esfuerzo.\u00bb<\/p>\n<p style=\"text-align: justify;\">Por su parte, la presidenta concejal, Martha Patricia Aradillas Aradillas subray\u00f3 que la comercializaci\u00f3n directa en estos espacios consolida el sustento de emprendedores y familias poce\u00f1as.<\/p>\n<p style=\"text-align: justify;\">\u00abApoyar a nuestros productores y comerciantes significa fortalecer la econom\u00eda local y generar oportunidades para nuestras familias. Por ello, esta Feria de las Flores busca impulsar la comercializaci\u00f3n, promover el consumo local y ofrecer productos de calidad a precios accesibles.\u00bb<\/p>\n<p style=\"text-align: justify;\">La presidenta concejal llam\u00f3 a la poblaci\u00f3n a acudir a la plaza principal, desde las 10:00 a 18:00 horas; al incentivar la compra de productos locales los d\u00edas que dure el evento.<\/p>\n<p style=\"text-align: justify;\">\u00abInvito a todas las familias de Villa de Pozos a visitar nuestro jard\u00edn principal, conocer la variedad de flores y plantas que aqu\u00ed se producen para que disfruten de sus colores y aromas y, sobre todo, comprar local y apoyar a quienes todos los d\u00edas trabajan para salir adelante.\u00bb<\/p>\n","protected":false},"excerpt":{"rendered":"<p>El Gobierno Municipal de Villa de Pozos realiz\u00f3 el corte de list\u00f3n inaugural de la primera edici\u00f3n de la Feria de las Flores en la plaza principal. La muestra estar\u00e1 disponible hasta el 13 de septiembre. Durante su participaci\u00f3n, la directora de Desarrollo Econ\u00f3mico, Erika del Roc\u00edo Ortiz L\u00f3pez, destac\u00f3 el trabajo y dedicaci\u00f3n de viveristas y floristas participantes. \u00abUn espacio que nace para celebrar la belleza de nuestras flores, pero tambi\u00e9n para reconocer el talento, el esfuerzo y la capacidad de emprendimiento de nuestra gente\u2026 Sabemos que detr\u00e1s de cada flor y cada producto que hoy encontramos aqu\u00ed, existe [&hellip;]<\/p>\n","protected":false},"author":1,"featured_media":213639,"comment_status":"closed","ping_status":"closed","sticky":false,"template":"","format":"video","meta":{"_monsterinsights_skip_tracking":false,"footnotes":""},"categories":[5,43],"tags":[],"class_list":["post-213619","post","type-post","status-publish","format-video","has-post-thumbnail","hentry","category-destacadas","category-interior","post_format-post-format-video","post--single"],"_links":{"self":[{"href":"https:\/\/canal7slp.tv\/2026\/wp-json\/wp\/v2\/posts\/213619","targetHints":{"allow":["GET"]}}],"collection":[{"href":"https:\/\/canal7slp.tv\/2026\/wp-json\/wp\/v2\/posts"}],"about":[{"href":"https:\/\/canal7slp.tv\/2026\/wp-json\/wp\/v2\/types\/post"}],"author":[{"embeddable":true,"href":"https:\/\/canal7slp.tv\/2026\/wp-json\/wp\/v2\/users\/1"}],"replies":[{"embeddable":true,"href":"https:\/\/canal7slp.tv\/2026\/wp-json\/wp\/v2\/comments?post=213619"}],"version-history":[{"count":1,"href":"https:\/\/canal7slp.tv\/2026\/wp-json\/wp\/v2\/posts\/213619\/revisions"}],"predecessor-version":[{"id":213638,"href":"https:\/\/canal7slp.tv\/2026\/wp-json\/wp\/v2\/posts\/213619\/revisions\/213638"}],"wp:featuredmedia":[{"embeddable":true,"href":"https:\/\/canal7slp.tv\/2026\/wp-json\/wp\/v2\/media\/213639"}],"wp:attachment":[{"href":"https:\/\/canal7slp.tv\/2026\/wp-json\/wp\/v2\/media?parent=213619"}],"wp:term":[{"taxonomy":"category","embeddable":true,"href":"https:\/\/canal7slp.tv\/2026\/wp-json\/wp\/v2\/categories?post=213619"},{"taxonomy":"post_tag","embeddable":true,"href":"https:\/\/canal7slp.tv\/2026\/wp-json\/wp\/v2\/tags?post=213619"}],"curies":[{"name":"wp","href":"https:\/\/api.w.org\/{rel}","templated":true}]}}