{"id":213616,"date":"2026-09-03T11:01:20","date_gmt":"2026-09-03T17:01:20","guid":{"rendered":"https:\/\/canal7slp.tv\/2026\/?p=213616"},"modified":"2026-09-03T11:01:20","modified_gmt":"2026-09-03T17:01:20","slug":"arboles-caidos-y-fallas-de-alumbrado-saldo-de-precipitaciones-en-soledad","status":"publish","type":"post","link":"https:\/\/canal7slp.tv\/2026\/arboles-caidos-y-fallas-de-alumbrado-saldo-de-precipitaciones-en-soledad\/","title":{"rendered":"\u00c1rboles ca\u00eddos y fallas de alumbrado, saldo de precipitaciones en Soledad"},"content":{"rendered":"<p style=\"text-align: justify;\">Despu\u00e9s de las recientes lluvias que se han presentado en la zona metropolitana, la Direcci\u00f3n de Servicios Municipales de Soledad de Graciano S\u00e1nchez, ha generado una serie de acciones de limpieza de las que habl\u00f3 el director Jos\u00e9 Antonio Zamarripa Quintero.<\/p>\n<p style=\"text-align: justify;\">\u201cTuvimos un percance el fin de semana en la Avenida Mar\u00eda Teresa aqu\u00ed en La Lomita, ah\u00ed se nos cay\u00f3 un \u00e1rbol (\u2026) tenemos algunos \u00e1rboles tirados ya en Praderas del Maurel ya atendidos, tuvimos que bajar dos por riesgos y ahorita solo estamos en el proceso de recolecci\u00f3n, son \u00e1rboles muy grandes\u201d.<\/p>\n<p style=\"text-align: justify;\">Descart\u00f3 que se hayan presentado da\u00f1os derivados de la ca\u00edda de \u00e1rboles o de sus ramas.<\/p>\n<p style=\"text-align: justify;\">\u201cAhorita no hemos tenido ninguna situaci\u00f3n de riesgo por los vientos o las lluvias\u201d.<\/p>\n<p style=\"text-align: justify;\">En lo que va del presente a\u00f1o, solo un \u00e1rbol ha ca\u00eddo y da\u00f1ado de manera severa el sistema de alumbrado p\u00fablico y propiedad privada.<\/p>\n<p style=\"text-align: justify;\">\u201cSolo tuvimos ah\u00ed en La Virgen, ese fue por la tarde noche, lo trabajamos, terminamos como a las tres de la ma\u00f1ana yo creo; afect\u00f3 un cami\u00f3n urbano, un taxi y otro veh\u00edculo particular\u201d.<\/p>\n<p style=\"text-align: justify;\">Adem\u00e1s de estos hechos, se tuvo el \u201capag\u00f3n\u201d del sistema de alumbrado el\u00e9ctrico en la colonia San Jos\u00e9 al arranque de la semana.<\/p>\n<p style=\"text-align: justify;\">\u201cEs algo que es normal, un rayo, un trueno afecta el transformador, nos coordinamos con CFE (\u2026) hay circuitos que se votan por las lluvias, alg\u00fan corto, alguna rama o algo se vota el circuito, por seguridad ya nos da dictamen CFE (\u2026) si hay que podar algo pues lo eliminamos de los cables, las l\u00edneas y posteriormente restablecemos el servicios p\u00fablico de alumbrado\u201d.<\/p>\n<p style=\"text-align: justify;\">El apag\u00f3n se dio en siete calles de la colonia San Jos\u00e9 y tuvo una duraci\u00f3n aproximada de una hora.<\/p>\n","protected":false},"excerpt":{"rendered":"<p>Despu\u00e9s de las recientes lluvias que se han presentado en la zona metropolitana, la Direcci\u00f3n de Servicios Municipales de Soledad de Graciano S\u00e1nchez, ha generado una serie de acciones de limpieza de las que habl\u00f3 el director Jos\u00e9 Antonio Zamarripa Quintero. \u201cTuvimos un percance el fin de semana en la Avenida Mar\u00eda Teresa aqu\u00ed en La Lomita, ah\u00ed se nos cay\u00f3 un \u00e1rbol (\u2026) tenemos algunos \u00e1rboles tirados ya en Praderas del Maurel ya atendidos, tuvimos que bajar dos por riesgos y ahorita solo estamos en el proceso de recolecci\u00f3n, son \u00e1rboles muy grandes\u201d. Descart\u00f3 que se hayan presentado da\u00f1os [&hellip;]<\/p>\n","protected":false},"author":1,"featured_media":213617,"comment_status":"closed","ping_status":"closed","sticky":false,"template":"","format":"video","meta":{"_monsterinsights_skip_tracking":false,"footnotes":""},"categories":[5,45],"tags":[],"class_list":["post-213616","post","type-post","status-publish","format-video","has-post-thumbnail","hentry","category-destacadas","category-localesyregionales","post_format-post-format-video","post--single"],"_links":{"self":[{"href":"https:\/\/canal7slp.tv\/2026\/wp-json\/wp\/v2\/posts\/213616","targetHints":{"allow":["GET"]}}],"collection":[{"href":"https:\/\/canal7slp.tv\/2026\/wp-json\/wp\/v2\/posts"}],"about":[{"href":"https:\/\/canal7slp.tv\/2026\/wp-json\/wp\/v2\/types\/post"}],"author":[{"embeddable":true,"href":"https:\/\/canal7slp.tv\/2026\/wp-json\/wp\/v2\/users\/1"}],"replies":[{"embeddable":true,"href":"https:\/\/canal7slp.tv\/2026\/wp-json\/wp\/v2\/comments?post=213616"}],"version-history":[{"count":1,"href":"https:\/\/canal7slp.tv\/2026\/wp-json\/wp\/v2\/posts\/213616\/revisions"}],"predecessor-version":[{"id":213618,"href":"https:\/\/canal7slp.tv\/2026\/wp-json\/wp\/v2\/posts\/213616\/revisions\/213618"}],"wp:featuredmedia":[{"embeddable":true,"href":"https:\/\/canal7slp.tv\/2026\/wp-json\/wp\/v2\/media\/213617"}],"wp:attachment":[{"href":"https:\/\/canal7slp.tv\/2026\/wp-json\/wp\/v2\/media?parent=213616"}],"wp:term":[{"taxonomy":"category","embeddable":true,"href":"https:\/\/canal7slp.tv\/2026\/wp-json\/wp\/v2\/categories?post=213616"},{"taxonomy":"post_tag","embeddable":true,"href":"https:\/\/canal7slp.tv\/2026\/wp-json\/wp\/v2\/tags?post=213616"}],"curies":[{"name":"wp","href":"https:\/\/api.w.org\/{rel}","templated":true}]}}