{"id":213613,"date":"2026-09-03T10:56:21","date_gmt":"2026-09-03T16:56:21","guid":{"rendered":"https:\/\/canal7slp.tv\/2026\/?p=213613"},"modified":"2026-09-03T10:56:21","modified_gmt":"2026-09-03T16:56:21","slug":"con-una-primaria-iniciara-ayuntamiento-soledense-su-sistema-educativo-municipal","status":"publish","type":"post","link":"https:\/\/canal7slp.tv\/2026\/con-una-primaria-iniciara-ayuntamiento-soledense-su-sistema-educativo-municipal\/","title":{"rendered":"Con una primaria, iniciar\u00e1 Ayuntamiento Soledense su sistema educativo municipal"},"content":{"rendered":"<p style=\"text-align: justify;\">Existe un proyecto de creaci\u00f3n de la primera escuela primaria perteneciente al municipio, esto por parte del Ayuntamiento de Soledad de Graciano S\u00e1nchez.<\/p>\n<p style=\"text-align: justify;\">El edil, Juan Manuel Navarro Mu\u00f1iz, extern\u00f3 la necesidad de contar con un sistema educativo propio.<\/p>\n<p style=\"text-align: justify;\">\u201cLo estamos viendo, lo estamos ah\u00ed desarrollando; la idea ser\u00eda en la zona oriente, en la zona de Cactus, para all\u00e1 es una zona muy poblada, entonces es lo que hoy pretendemos hacerlo\u201d.<\/p>\n<p style=\"text-align: justify;\">Asever\u00f3 que la finalidad es dar cobertura total en el tema educativo para los habitantes de Soledad.<\/p>\n<p style=\"text-align: justify;\">\u201cDe impulsar la educaci\u00f3n, de la construcci\u00f3n de m\u00e1s escuelas de la rehabilitaci\u00f3n de muchas por todo el estado, pues fue algo que t\u00fa como municipio tienes que sumarte, que t\u00fa como ayuntamiento tienes que colaborar en ese tema porque la educaci\u00f3n es b\u00e1sica, es primordial\u201d.<\/p>\n<p style=\"text-align: justify;\">La futura primaria, ser\u00eda la primera del sistema educativo municipal en el nivel b\u00e1sico.<\/p>\n<p style=\"text-align: justify;\">\u201cS\u00ed, ser\u00eda la primera municipal directamente de nosotros, esa es la idea, crecerlo e insisto, la zona oriente tiene una demanda muy, muy alta, hay ni\u00f1os que se trasladan desde zona oriente a primera de mayo o viceversa, hacen traslados muy largos\u201d.<\/p>\n","protected":false},"excerpt":{"rendered":"<p>Existe un proyecto de creaci\u00f3n de la primera escuela primaria perteneciente al municipio, esto por parte del Ayuntamiento de Soledad de Graciano S\u00e1nchez. El edil, Juan Manuel Navarro Mu\u00f1iz, extern\u00f3 la necesidad de contar con un sistema educativo propio. \u201cLo estamos viendo, lo estamos ah\u00ed desarrollando; la idea ser\u00eda en la zona oriente, en la zona de Cactus, para all\u00e1 es una zona muy poblada, entonces es lo que hoy pretendemos hacerlo\u201d. Asever\u00f3 que la finalidad es dar cobertura total en el tema educativo para los habitantes de Soledad. \u201cDe impulsar la educaci\u00f3n, de la construcci\u00f3n de m\u00e1s escuelas de [&hellip;]<\/p>\n","protected":false},"author":1,"featured_media":213614,"comment_status":"closed","ping_status":"closed","sticky":false,"template":"","format":"video","meta":{"_monsterinsights_skip_tracking":false,"footnotes":""},"categories":[5,43],"tags":[],"class_list":["post-213613","post","type-post","status-publish","format-video","has-post-thumbnail","hentry","category-destacadas","category-interior","post_format-post-format-video","post--single"],"_links":{"self":[{"href":"https:\/\/canal7slp.tv\/2026\/wp-json\/wp\/v2\/posts\/213613","targetHints":{"allow":["GET"]}}],"collection":[{"href":"https:\/\/canal7slp.tv\/2026\/wp-json\/wp\/v2\/posts"}],"about":[{"href":"https:\/\/canal7slp.tv\/2026\/wp-json\/wp\/v2\/types\/post"}],"author":[{"embeddable":true,"href":"https:\/\/canal7slp.tv\/2026\/wp-json\/wp\/v2\/users\/1"}],"replies":[{"embeddable":true,"href":"https:\/\/canal7slp.tv\/2026\/wp-json\/wp\/v2\/comments?post=213613"}],"version-history":[{"count":1,"href":"https:\/\/canal7slp.tv\/2026\/wp-json\/wp\/v2\/posts\/213613\/revisions"}],"predecessor-version":[{"id":213615,"href":"https:\/\/canal7slp.tv\/2026\/wp-json\/wp\/v2\/posts\/213613\/revisions\/213615"}],"wp:featuredmedia":[{"embeddable":true,"href":"https:\/\/canal7slp.tv\/2026\/wp-json\/wp\/v2\/media\/213614"}],"wp:attachment":[{"href":"https:\/\/canal7slp.tv\/2026\/wp-json\/wp\/v2\/media?parent=213613"}],"wp:term":[{"taxonomy":"category","embeddable":true,"href":"https:\/\/canal7slp.tv\/2026\/wp-json\/wp\/v2\/categories?post=213613"},{"taxonomy":"post_tag","embeddable":true,"href":"https:\/\/canal7slp.tv\/2026\/wp-json\/wp\/v2\/tags?post=213613"}],"curies":[{"name":"wp","href":"https:\/\/api.w.org\/{rel}","templated":true}]}}