{"id":213602,"date":"2026-09-03T10:40:03","date_gmt":"2026-09-03T16:40:03","guid":{"rendered":"https:\/\/canal7slp.tv\/2026\/?p=213602"},"modified":"2026-09-03T10:40:03","modified_gmt":"2026-09-03T16:40:03","slug":"inicia-ayuntamiento-de-soledad-construccion-de-aulas-en-secundaria-de-valle-de-la-palma","status":"publish","type":"post","link":"https:\/\/canal7slp.tv\/2026\/inicia-ayuntamiento-de-soledad-construccion-de-aulas-en-secundaria-de-valle-de-la-palma\/","title":{"rendered":"Inicia Ayuntamiento de Soledad construcci\u00f3n de aulas en secundaria de Valle de la Palma"},"content":{"rendered":"<p>Autoridades de Soledad de Graciano S\u00e1nchez dio el banderazo de arranque para la edificaci\u00f3n de cuatro aulas en una escuela secundaria de Valle de la Palma.<\/p>\n<p>La intervenci\u00f3n en el recinto educativo permitir\u00e1 incrementar la capacidad del plantel, para albergar a 300 alumnos.<\/p>\n<p>La directora de Infraestructura y Desarrollo Social, Isabel Leticia Vargas Tinajero detall\u00f3 el monto de inversi\u00f3n destinado para el proyecto.<\/p>\n<p>\u00abCon una inversi\u00f3n superior a los 5.2 millones, estos trabajos ser\u00e1n realizados con el fin de promover un ambiente de aprendizaje positivo, estimulante y de acuerdo con las necesidades de los alumnos.\u00bb<\/p>\n<p>Durante el evento, el alcalde, Juan Manuel Navarro Mu\u00f1iz destac\u00f3 la continuidad de proyectos educativos en la zona.<\/p>\n<p>\u00abVamos a terminar las cuatro aulas, y terminando las cuatro aulas, el d\u00eda que vengamos a entregar las cuatro aulas, profesor, iniciamos con la construcci\u00f3n del techado para irle avanzando aqu\u00ed en Valle de la Palma.\u00bb<\/p>\n<p>El edil soledense enfatiz\u00f3 que el crecimiento del sector exige mantener inversi\u00f3n en infraestructura educativa para evitar que alumnos se trasladen a la cabecera municipal.<\/p>\n<p>\u00abNo hay mejor manera de invertir el recurso p\u00fablico que en la educaci\u00f3n, porque esa s\u00ed da resultados, s\u00ed da frutos. Tendremos soledenses de bien&#8230; \u00bfy qu\u00e9 generamos con la educaci\u00f3n? Pues bueno, que la gente de aqu\u00ed no se tenga que trasladar hasta la Graciano S\u00e1nchez, a la cabecera.\u00bb<\/p>\n","protected":false},"excerpt":{"rendered":"<p>Autoridades de Soledad de Graciano S\u00e1nchez dio el banderazo de arranque para la edificaci\u00f3n de cuatro aulas en una escuela secundaria de Valle de la Palma. La intervenci\u00f3n en el recinto educativo permitir\u00e1 incrementar la capacidad del plantel, para albergar a 300 alumnos. La directora de Infraestructura y Desarrollo Social, Isabel Leticia Vargas Tinajero detall\u00f3 el monto de inversi\u00f3n destinado para el proyecto. \u00abCon una inversi\u00f3n superior a los 5.2 millones, estos trabajos ser\u00e1n realizados con el fin de promover un ambiente de aprendizaje positivo, estimulante y de acuerdo con las necesidades de los alumnos.\u00bb Durante el evento, el alcalde, [&hellip;]<\/p>\n","protected":false},"author":1,"featured_media":213603,"comment_status":"closed","ping_status":"closed","sticky":false,"template":"","format":"video","meta":{"_monsterinsights_skip_tracking":false,"footnotes":""},"categories":[5,43],"tags":[],"class_list":["post-213602","post","type-post","status-publish","format-video","has-post-thumbnail","hentry","category-destacadas","category-interior","post_format-post-format-video","post--single"],"_links":{"self":[{"href":"https:\/\/canal7slp.tv\/2026\/wp-json\/wp\/v2\/posts\/213602","targetHints":{"allow":["GET"]}}],"collection":[{"href":"https:\/\/canal7slp.tv\/2026\/wp-json\/wp\/v2\/posts"}],"about":[{"href":"https:\/\/canal7slp.tv\/2026\/wp-json\/wp\/v2\/types\/post"}],"author":[{"embeddable":true,"href":"https:\/\/canal7slp.tv\/2026\/wp-json\/wp\/v2\/users\/1"}],"replies":[{"embeddable":true,"href":"https:\/\/canal7slp.tv\/2026\/wp-json\/wp\/v2\/comments?post=213602"}],"version-history":[{"count":1,"href":"https:\/\/canal7slp.tv\/2026\/wp-json\/wp\/v2\/posts\/213602\/revisions"}],"predecessor-version":[{"id":213604,"href":"https:\/\/canal7slp.tv\/2026\/wp-json\/wp\/v2\/posts\/213602\/revisions\/213604"}],"wp:featuredmedia":[{"embeddable":true,"href":"https:\/\/canal7slp.tv\/2026\/wp-json\/wp\/v2\/media\/213603"}],"wp:attachment":[{"href":"https:\/\/canal7slp.tv\/2026\/wp-json\/wp\/v2\/media?parent=213602"}],"wp:term":[{"taxonomy":"category","embeddable":true,"href":"https:\/\/canal7slp.tv\/2026\/wp-json\/wp\/v2\/categories?post=213602"},{"taxonomy":"post_tag","embeddable":true,"href":"https:\/\/canal7slp.tv\/2026\/wp-json\/wp\/v2\/tags?post=213602"}],"curies":[{"name":"wp","href":"https:\/\/api.w.org\/{rel}","templated":true}]}}