{"id":213592,"date":"2026-09-03T10:30:21","date_gmt":"2026-09-03T16:30:21","guid":{"rendered":"https:\/\/canal7slp.tv\/2026\/?p=213592"},"modified":"2026-09-03T10:30:21","modified_gmt":"2026-09-03T16:30:21","slug":"avanza-gestion-de-terreno-para-nuevo-plantel-del-cecyte-en-soledad","status":"publish","type":"post","link":"https:\/\/canal7slp.tv\/2026\/avanza-gestion-de-terreno-para-nuevo-plantel-del-cecyte-en-soledad\/","title":{"rendered":"Avanza gesti\u00f3n de terreno para nuevo plantel del CECyTE en Soledad"},"content":{"rendered":"<p>El presidente municipal de Soledad de Graciano S\u00e1nchez, Juan Manuel Navarro Mu\u00f1iz, confirm\u00f3 avance en el proyecto de construcci\u00f3n de un plantel de bachillerato en Valle de la Palma.<\/p>\n<p>Dijo que autoridades educativas efectuaron inspecci\u00f3n t\u00e9cnica del terreno propuesto por el Ayuntamiento.<\/p>\n<p>\u00abYa la gente de la Direcci\u00f3n General de los CECyTE ya vino, ya vio el terreno, ya se les mostr\u00f3, ya solamente estamos en espera nosotros de la aprobaci\u00f3n de ellos. Obviamente lo que les ped\u00edamos es que si ya ten\u00edan el presupuesto aprobado para la construcci\u00f3n, para nosotros inmediatamente llevar a Cabildo la donaci\u00f3n del predio a favor del CECyTE.\u00bb<\/p>\n<p>El edil soledense explic\u00f3 que la inversi\u00f3n en infraestructura educativa responde a la demanda que desencaden\u00f3 el crecimiento habitacional; en beneficio de estudiantes de colonias y comunidades cercanas.<\/p>\n<p>\u00abEn ese tema del CECyTE estamos hablando de m\u00e1s de 500 por la parte de Rivera, la parte de Palma de la Cruz y este fraccionamiento que sigue creciendo enormemente&#8230; a la gente que va a venir a vivir aqu\u00ed pues va con la seguridad que va a tener k\u00ednder, primaria, secundaria y pr\u00f3ximamente el bachillerato.\u00bb<\/p>\n<p>Finalmente, Navarro Mu\u00f1iz adelant\u00f3 que se analiza con el Instituto Estatal de Infraestructura F\u00edsica Educativa la solicitud de habitantes de la comunidad Rivera, referente a la construcci\u00f3n de una secundaria.<\/p>\n","protected":false},"excerpt":{"rendered":"<p>El presidente municipal de Soledad de Graciano S\u00e1nchez, Juan Manuel Navarro Mu\u00f1iz, confirm\u00f3 avance en el proyecto de construcci\u00f3n de un plantel de bachillerato en Valle de la Palma. Dijo que autoridades educativas efectuaron inspecci\u00f3n t\u00e9cnica del terreno propuesto por el Ayuntamiento. \u00abYa la gente de la Direcci\u00f3n General de los CECyTE ya vino, ya vio el terreno, ya se les mostr\u00f3, ya solamente estamos en espera nosotros de la aprobaci\u00f3n de ellos. Obviamente lo que les ped\u00edamos es que si ya ten\u00edan el presupuesto aprobado para la construcci\u00f3n, para nosotros inmediatamente llevar a Cabildo la donaci\u00f3n del predio a [&hellip;]<\/p>\n","protected":false},"author":1,"featured_media":213593,"comment_status":"closed","ping_status":"closed","sticky":false,"template":"","format":"video","meta":{"_monsterinsights_skip_tracking":false,"footnotes":""},"categories":[512,45],"tags":[],"class_list":["post-213592","post","type-post","status-publish","format-video","has-post-thumbnail","hentry","category-ayosgs","category-localesyregionales","post_format-post-format-video","post--single"],"_links":{"self":[{"href":"https:\/\/canal7slp.tv\/2026\/wp-json\/wp\/v2\/posts\/213592","targetHints":{"allow":["GET"]}}],"collection":[{"href":"https:\/\/canal7slp.tv\/2026\/wp-json\/wp\/v2\/posts"}],"about":[{"href":"https:\/\/canal7slp.tv\/2026\/wp-json\/wp\/v2\/types\/post"}],"author":[{"embeddable":true,"href":"https:\/\/canal7slp.tv\/2026\/wp-json\/wp\/v2\/users\/1"}],"replies":[{"embeddable":true,"href":"https:\/\/canal7slp.tv\/2026\/wp-json\/wp\/v2\/comments?post=213592"}],"version-history":[{"count":1,"href":"https:\/\/canal7slp.tv\/2026\/wp-json\/wp\/v2\/posts\/213592\/revisions"}],"predecessor-version":[{"id":213594,"href":"https:\/\/canal7slp.tv\/2026\/wp-json\/wp\/v2\/posts\/213592\/revisions\/213594"}],"wp:featuredmedia":[{"embeddable":true,"href":"https:\/\/canal7slp.tv\/2026\/wp-json\/wp\/v2\/media\/213593"}],"wp:attachment":[{"href":"https:\/\/canal7slp.tv\/2026\/wp-json\/wp\/v2\/media?parent=213592"}],"wp:term":[{"taxonomy":"category","embeddable":true,"href":"https:\/\/canal7slp.tv\/2026\/wp-json\/wp\/v2\/categories?post=213592"},{"taxonomy":"post_tag","embeddable":true,"href":"https:\/\/canal7slp.tv\/2026\/wp-json\/wp\/v2\/tags?post=213592"}],"curies":[{"name":"wp","href":"https:\/\/api.w.org\/{rel}","templated":true}]}}