{"id":213574,"date":"2026-09-03T09:59:45","date_gmt":"2026-09-03T15:59:45","guid":{"rendered":"https:\/\/canal7slp.tv\/2026\/?p=213574"},"modified":"2026-09-03T09:59:45","modified_gmt":"2026-09-03T15:59:45","slug":"distintivos-de-espacios-inclusivos-reciben-empresas-del-ramo-turistico-en-la-capital-debido-a-politicas-contra-la-discriminacion","status":"publish","type":"post","link":"https:\/\/canal7slp.tv\/2026\/distintivos-de-espacios-inclusivos-reciben-empresas-del-ramo-turistico-en-la-capital-debido-a-politicas-contra-la-discriminacion\/","title":{"rendered":"Distintivos de espacios inclusivos, reciben empresas del ramo tur\u00edstico en la capital, debido a pol\u00edticas contra la discriminaci\u00f3n"},"content":{"rendered":"<p style=\"text-align: justify;\">En el marco de los 30 a\u00f1os de la Declaraci\u00f3n de Montreal sobre el derecho al turismo y el esparcimiento, la Direcci\u00f3n de Turismo Municipal llev\u00f3 a cabo la entrega de la segunda generaci\u00f3n de \u00abDistintivos de Espacios Inclusivos\u00bb, reconociendo a empresas, hoteles, restaurantes y agencias de viajes comprometidas en fortalecer espacios respetuosos y seguros para la comunidad LGBTQI+.<\/p>\n<p style=\"text-align: justify;\">La Directora de Turismo Municipal, Claudia Lorena Peralta Antiga destac\u00f3 que estas acciones buscan garantizar que todas las personas puedan acceder y disfrutar de cualquier espacio p\u00fablico y privado en la ciudad.<\/p>\n<p style=\"text-align: justify;\">\u00abEn esta ocasi\u00f3n, en esta segunda generaci\u00f3n vamos a entregar 10 distintivos; en la primera se entregaron 21, es decir, estamos con un total de 31 empresas que se suman a esta estrategia&#8230; estamos trabajando para que haya espacios libres de discriminaci\u00f3n.\u00bb<\/p>\n<p style=\"text-align: justify;\">Por su parte, el titular de la Unidad Municipal Especializada para la Atenci\u00f3n a las Poblaciones LGBTIQ+ , Adri\u00e1n Barrios Mu\u00f1oz se\u00f1al\u00f3 que estas certificaciones surgieron en respuesta a peticiones de la sociedad civil y colectivos que se\u00f1alaron la falta de protocolos inclusivos.<\/p>\n<p style=\"text-align: justify;\">\u00abNace en coordinaci\u00f3n con las colectivas, con las organizaciones de la sociedad civil que nos demandaban o nos comentaban que quer\u00edan este tipo de capacitaciones, porque es necesario para construir espacios en donde se respete en s\u00ed a todas las personas<\/p>\n<p style=\"text-align: justify;\">La Coordinara de Derechos Humanos en el Municipio, Natalia Sugasti Esquivel, confirm\u00f3 que este programa de capacitaci\u00f3n se mantendr\u00e1 de forma permanente para fortalecer al sector tur\u00edstico capitalino.<\/p>\n<p style=\"text-align: justify;\">\u00abTomamos la decisi\u00f3n de continuar con estos espacios, de que no sea solamente esta una segunda generaci\u00f3n, sino que sea un programa permanente para que San Luis Potos\u00ed sea una capital mucho m\u00e1s amable en donde los derechos de todas las personas se respeten.\u00bb<\/p>\n","protected":false},"excerpt":{"rendered":"<p>En el marco de los 30 a\u00f1os de la Declaraci\u00f3n de Montreal sobre el derecho al turismo y el esparcimiento, la Direcci\u00f3n de Turismo Municipal llev\u00f3 a cabo la entrega de la segunda generaci\u00f3n de \u00abDistintivos de Espacios Inclusivos\u00bb, reconociendo a empresas, hoteles, restaurantes y agencias de viajes comprometidas en fortalecer espacios respetuosos y seguros para la comunidad LGBTQI+. La Directora de Turismo Municipal, Claudia Lorena Peralta Antiga destac\u00f3 que estas acciones buscan garantizar que todas las personas puedan acceder y disfrutar de cualquier espacio p\u00fablico y privado en la ciudad. \u00abEn esta ocasi\u00f3n, en esta segunda generaci\u00f3n vamos a [&hellip;]<\/p>\n","protected":false},"author":1,"featured_media":213575,"comment_status":"closed","ping_status":"closed","sticky":false,"template":"","format":"video","meta":{"_monsterinsights_skip_tracking":false,"footnotes":""},"categories":[5,45],"tags":[],"class_list":["post-213574","post","type-post","status-publish","format-video","has-post-thumbnail","hentry","category-destacadas","category-localesyregionales","post_format-post-format-video","post--single"],"_links":{"self":[{"href":"https:\/\/canal7slp.tv\/2026\/wp-json\/wp\/v2\/posts\/213574","targetHints":{"allow":["GET"]}}],"collection":[{"href":"https:\/\/canal7slp.tv\/2026\/wp-json\/wp\/v2\/posts"}],"about":[{"href":"https:\/\/canal7slp.tv\/2026\/wp-json\/wp\/v2\/types\/post"}],"author":[{"embeddable":true,"href":"https:\/\/canal7slp.tv\/2026\/wp-json\/wp\/v2\/users\/1"}],"replies":[{"embeddable":true,"href":"https:\/\/canal7slp.tv\/2026\/wp-json\/wp\/v2\/comments?post=213574"}],"version-history":[{"count":1,"href":"https:\/\/canal7slp.tv\/2026\/wp-json\/wp\/v2\/posts\/213574\/revisions"}],"predecessor-version":[{"id":213576,"href":"https:\/\/canal7slp.tv\/2026\/wp-json\/wp\/v2\/posts\/213574\/revisions\/213576"}],"wp:featuredmedia":[{"embeddable":true,"href":"https:\/\/canal7slp.tv\/2026\/wp-json\/wp\/v2\/media\/213575"}],"wp:attachment":[{"href":"https:\/\/canal7slp.tv\/2026\/wp-json\/wp\/v2\/media?parent=213574"}],"wp:term":[{"taxonomy":"category","embeddable":true,"href":"https:\/\/canal7slp.tv\/2026\/wp-json\/wp\/v2\/categories?post=213574"},{"taxonomy":"post_tag","embeddable":true,"href":"https:\/\/canal7slp.tv\/2026\/wp-json\/wp\/v2\/tags?post=213574"}],"curies":[{"name":"wp","href":"https:\/\/api.w.org\/{rel}","templated":true}]}}