{"id":213568,"date":"2026-09-03T09:47:29","date_gmt":"2026-09-03T15:47:29","guid":{"rendered":"https:\/\/canal7slp.tv\/2026\/?p=213568"},"modified":"2026-09-03T09:47:29","modified_gmt":"2026-09-03T15:47:29","slug":"niega-alcalde-capitalino-disputas-politicas-en-la-emision-de-permisos-para-ocupar-plazas-publicas","status":"publish","type":"post","link":"https:\/\/canal7slp.tv\/2026\/niega-alcalde-capitalino-disputas-politicas-en-la-emision-de-permisos-para-ocupar-plazas-publicas\/","title":{"rendered":"Niega alcalde capitalino, disputas pol\u00edticas en la emisi\u00f3n de permisos para ocupar plazas p\u00fablicas"},"content":{"rendered":"<p style=\"text-align: justify;\">En respuesta al secretario de Cultura Juan Carlos Torres el presidente municipal Enrique Galindo rechaz\u00f3 que su administraci\u00f3n niegue permisos, para realizar eventos en las plazas p\u00fablicas del centro hist\u00f3rico.<\/p>\n<p style=\"text-align: justify;\">En este sentido afirm\u00f3 que para ocupar estos espacios p\u00fablicos para la realizaci\u00f3n de alg\u00fan tipo de eventos hay reglas y protocolos que se tiene que cumplir, sobre todo, dijo, en materia de protecci\u00f3n civil.<\/p>\n<p style=\"text-align: justify;\">Galindo Ceballos sostuvo que se tiene que mantener una postura firme en la defensa y el ordenamiento de los espacios p\u00fablicos que administra el gobierno capitalino, m\u00e1s all\u00e1 de cualquier disputa pol\u00edtica, asegur\u00f3.<\/p>\n<p style=\"text-align: justify;\">Asimismo, el alcalde capitalino reproch\u00f3 que algunas plazas, principalmente la de Los Fundadores, presentan da\u00f1os f\u00edsicos \u00f3 da\u00f1os estructurales al usarse para eventos masivos como la Villa Navide\u00f1a, que cada a\u00f1o realiza el gobierno del estado.<\/p>\n","protected":false},"excerpt":{"rendered":"<p>En respuesta al secretario de Cultura Juan Carlos Torres el presidente municipal Enrique Galindo rechaz\u00f3 que su administraci\u00f3n niegue permisos, para realizar eventos en las plazas p\u00fablicas del centro hist\u00f3rico. En este sentido afirm\u00f3 que para ocupar estos espacios p\u00fablicos para la realizaci\u00f3n de alg\u00fan tipo de eventos hay reglas y protocolos que se tiene que cumplir, sobre todo, dijo, en materia de protecci\u00f3n civil. Galindo Ceballos sostuvo que se tiene que mantener una postura firme en la defensa y el ordenamiento de los espacios p\u00fablicos que administra el gobierno capitalino, m\u00e1s all\u00e1 de cualquier disputa pol\u00edtica, asegur\u00f3. Asimismo, el [&hellip;]<\/p>\n","protected":false},"author":1,"featured_media":213569,"comment_status":"closed","ping_status":"closed","sticky":false,"template":"","format":"video","meta":{"_monsterinsights_skip_tracking":false,"footnotes":""},"categories":[5,45],"tags":[],"class_list":["post-213568","post","type-post","status-publish","format-video","has-post-thumbnail","hentry","category-destacadas","category-localesyregionales","post_format-post-format-video","post--single"],"_links":{"self":[{"href":"https:\/\/canal7slp.tv\/2026\/wp-json\/wp\/v2\/posts\/213568","targetHints":{"allow":["GET"]}}],"collection":[{"href":"https:\/\/canal7slp.tv\/2026\/wp-json\/wp\/v2\/posts"}],"about":[{"href":"https:\/\/canal7slp.tv\/2026\/wp-json\/wp\/v2\/types\/post"}],"author":[{"embeddable":true,"href":"https:\/\/canal7slp.tv\/2026\/wp-json\/wp\/v2\/users\/1"}],"replies":[{"embeddable":true,"href":"https:\/\/canal7slp.tv\/2026\/wp-json\/wp\/v2\/comments?post=213568"}],"version-history":[{"count":1,"href":"https:\/\/canal7slp.tv\/2026\/wp-json\/wp\/v2\/posts\/213568\/revisions"}],"predecessor-version":[{"id":213570,"href":"https:\/\/canal7slp.tv\/2026\/wp-json\/wp\/v2\/posts\/213568\/revisions\/213570"}],"wp:featuredmedia":[{"embeddable":true,"href":"https:\/\/canal7slp.tv\/2026\/wp-json\/wp\/v2\/media\/213569"}],"wp:attachment":[{"href":"https:\/\/canal7slp.tv\/2026\/wp-json\/wp\/v2\/media?parent=213568"}],"wp:term":[{"taxonomy":"category","embeddable":true,"href":"https:\/\/canal7slp.tv\/2026\/wp-json\/wp\/v2\/categories?post=213568"},{"taxonomy":"post_tag","embeddable":true,"href":"https:\/\/canal7slp.tv\/2026\/wp-json\/wp\/v2\/tags?post=213568"}],"curies":[{"name":"wp","href":"https:\/\/api.w.org\/{rel}","templated":true}]}}