{"id":213552,"date":"2026-09-02T11:46:45","date_gmt":"2026-09-02T17:46:45","guid":{"rendered":"https:\/\/canal7slp.tv\/2026\/?p=213552"},"modified":"2026-09-02T11:46:45","modified_gmt":"2026-09-02T17:46:45","slug":"poste-de-luz-a-punto-de-caer-tras-choque-de-transporte-de-carga","status":"publish","type":"post","link":"https:\/\/canal7slp.tv\/2026\/poste-de-luz-a-punto-de-caer-tras-choque-de-transporte-de-carga\/","title":{"rendered":"Poste de luz, a punto de caer tras choque de transporte de carga"},"content":{"rendered":"<p style=\"text-align: justify;\">En alguna zonas es preocupante c\u00f3mo los postes de luz quedan completamente en el olvido, y cuando ocurren choques contra estos, las autoridades hacen caso omiso a pesar del peligro que representan.<\/p>\n<p style=\"text-align: justify;\">En la calle Lagos de Moreno, colonia La Foresta, se encuentra un poste de luz considerablemente ladeado, el cual tiene tiempo as\u00ed.<\/p>\n<p style=\"text-align: justify;\">Comerciantes de la zona comentan que esto fue debido a que un transporte de carga pesada choc\u00f3 contra \u00e9ste.<\/p>\n<p style=\"text-align: justify;\">Explican que despu\u00e9s del accidente, lo reportaron de inmediato, pero las autoridades hicieron caso omiso.<\/p>\n<p style=\"text-align: justify;\">Argumentan que es de alto riesgo y conforme va a pasando el tiempo el peligro aumenta.<\/p>\n<p style=\"text-align: justify;\">Por ello, hacen un urgente llamado a las autoridades correspondientes.<\/p>\n<p style=\"text-align: justify;\">Reiteran de lo riesgoso que es y temen que a futuro se caiga y cause un accidente aparatoso que no solo termine en da\u00f1os materiales.<\/p>\n","protected":false},"excerpt":{"rendered":"<p>En alguna zonas es preocupante c\u00f3mo los postes de luz quedan completamente en el olvido, y cuando ocurren choques contra estos, las autoridades hacen caso omiso a pesar del peligro que representan. En la calle Lagos de Moreno, colonia La Foresta, se encuentra un poste de luz considerablemente ladeado, el cual tiene tiempo as\u00ed. Comerciantes de la zona comentan que esto fue debido a que un transporte de carga pesada choc\u00f3 contra \u00e9ste. Explican que despu\u00e9s del accidente, lo reportaron de inmediato, pero las autoridades hicieron caso omiso. Argumentan que es de alto riesgo y conforme va a pasando el [&hellip;]<\/p>\n","protected":false},"author":1,"featured_media":213553,"comment_status":"closed","ping_status":"closed","sticky":false,"template":"","format":"video","meta":{"_monsterinsights_skip_tracking":false,"footnotes":""},"categories":[5,45],"tags":[],"class_list":["post-213552","post","type-post","status-publish","format-video","has-post-thumbnail","hentry","category-destacadas","category-localesyregionales","post_format-post-format-video","post--single"],"_links":{"self":[{"href":"https:\/\/canal7slp.tv\/2026\/wp-json\/wp\/v2\/posts\/213552","targetHints":{"allow":["GET"]}}],"collection":[{"href":"https:\/\/canal7slp.tv\/2026\/wp-json\/wp\/v2\/posts"}],"about":[{"href":"https:\/\/canal7slp.tv\/2026\/wp-json\/wp\/v2\/types\/post"}],"author":[{"embeddable":true,"href":"https:\/\/canal7slp.tv\/2026\/wp-json\/wp\/v2\/users\/1"}],"replies":[{"embeddable":true,"href":"https:\/\/canal7slp.tv\/2026\/wp-json\/wp\/v2\/comments?post=213552"}],"version-history":[{"count":1,"href":"https:\/\/canal7slp.tv\/2026\/wp-json\/wp\/v2\/posts\/213552\/revisions"}],"predecessor-version":[{"id":213554,"href":"https:\/\/canal7slp.tv\/2026\/wp-json\/wp\/v2\/posts\/213552\/revisions\/213554"}],"wp:featuredmedia":[{"embeddable":true,"href":"https:\/\/canal7slp.tv\/2026\/wp-json\/wp\/v2\/media\/213553"}],"wp:attachment":[{"href":"https:\/\/canal7slp.tv\/2026\/wp-json\/wp\/v2\/media?parent=213552"}],"wp:term":[{"taxonomy":"category","embeddable":true,"href":"https:\/\/canal7slp.tv\/2026\/wp-json\/wp\/v2\/categories?post=213552"},{"taxonomy":"post_tag","embeddable":true,"href":"https:\/\/canal7slp.tv\/2026\/wp-json\/wp\/v2\/tags?post=213552"}],"curies":[{"name":"wp","href":"https:\/\/api.w.org\/{rel}","templated":true}]}}