{"id":213549,"date":"2026-09-02T11:43:52","date_gmt":"2026-09-02T17:43:52","guid":{"rendered":"https:\/\/canal7slp.tv\/2026\/?p=213549"},"modified":"2026-09-02T11:43:52","modified_gmt":"2026-09-02T17:43:52","slug":"descartan-autoridades-que-detenido-por-presunto-delito-sexual-contra-menor-sea-el-padre-de-ana-barbara","status":"publish","type":"post","link":"https:\/\/canal7slp.tv\/2026\/descartan-autoridades-que-detenido-por-presunto-delito-sexual-contra-menor-sea-el-padre-de-ana-barbara\/","title":{"rendered":"Descartan autoridades que detenido por presunto delito sexual contra menor, sea el padre de Ana B\u00e1rbara"},"content":{"rendered":"<p style=\"text-align: justify;\">San Ciro de Acosta, SLP.-<\/p>\n<p style=\"text-align: justify;\">El Ayuntamiento de San Ciro de Acosta aclar\u00f3, a trav\u00e9s de sus medios digitales oficiales, que el hombre detenido por un se\u00f1alamiento relacionado con un presunto delito sexual en agravio de una menor de edad no es el padre de la cantante Ana B\u00e1rbara, como fue difundido inicialmente por diversos medios.<\/p>\n<p style=\"text-align: justify;\">La autoridad municipal explic\u00f3 que el detenido y el padre de la int\u00e9rprete son hom\u00f3nimos, es decir, comparten el mismo nombre, pero se trata de personas diferentes.<\/p>\n<p style=\"text-align: justify;\">De acuerdo con el comunicado difundido en la p\u00e1gina oficial del Ayuntamiento, el detenido pertenece a la familia paterna de la cantante, originaria de la Regi\u00f3n Media, aunque no corresponde a la identidad de su padre.<\/p>\n<p style=\"text-align: justify;\">La confusi\u00f3n provoc\u00f3 que distintos medios locales, estatales y nacionales replicaran versiones sin una verificaci\u00f3n suficiente.<\/p>\n<p style=\"text-align: justify;\">El caso subraya la importancia de corroborar identidades y datos sensibles mediante fuentes oficiales antes de difundir informaci\u00f3n relacionada con delitos, menores de edad y personas de relevancia p\u00fablica.<\/p>\n<p style=\"text-align: justify;\">Por: X\u00f3chitl Morales Castro.<\/p>\n","protected":false},"excerpt":{"rendered":"<p>San Ciro de Acosta, SLP.- El Ayuntamiento de San Ciro de Acosta aclar\u00f3, a trav\u00e9s de sus medios digitales oficiales, que el hombre detenido por un se\u00f1alamiento relacionado con un presunto delito sexual en agravio de una menor de edad no es el padre de la cantante Ana B\u00e1rbara, como fue difundido inicialmente por diversos medios. La autoridad municipal explic\u00f3 que el detenido y el padre de la int\u00e9rprete son hom\u00f3nimos, es decir, comparten el mismo nombre, pero se trata de personas diferentes. De acuerdo con el comunicado difundido en la p\u00e1gina oficial del Ayuntamiento, el detenido pertenece a la [&hellip;]<\/p>\n","protected":false},"author":1,"featured_media":213550,"comment_status":"closed","ping_status":"closed","sticky":false,"template":"","format":"video","meta":{"_monsterinsights_skip_tracking":false,"footnotes":""},"categories":[43],"tags":[],"class_list":["post-213549","post","type-post","status-publish","format-video","has-post-thumbnail","hentry","category-interior","post_format-post-format-video","post--single"],"_links":{"self":[{"href":"https:\/\/canal7slp.tv\/2026\/wp-json\/wp\/v2\/posts\/213549","targetHints":{"allow":["GET"]}}],"collection":[{"href":"https:\/\/canal7slp.tv\/2026\/wp-json\/wp\/v2\/posts"}],"about":[{"href":"https:\/\/canal7slp.tv\/2026\/wp-json\/wp\/v2\/types\/post"}],"author":[{"embeddable":true,"href":"https:\/\/canal7slp.tv\/2026\/wp-json\/wp\/v2\/users\/1"}],"replies":[{"embeddable":true,"href":"https:\/\/canal7slp.tv\/2026\/wp-json\/wp\/v2\/comments?post=213549"}],"version-history":[{"count":1,"href":"https:\/\/canal7slp.tv\/2026\/wp-json\/wp\/v2\/posts\/213549\/revisions"}],"predecessor-version":[{"id":213551,"href":"https:\/\/canal7slp.tv\/2026\/wp-json\/wp\/v2\/posts\/213549\/revisions\/213551"}],"wp:featuredmedia":[{"embeddable":true,"href":"https:\/\/canal7slp.tv\/2026\/wp-json\/wp\/v2\/media\/213550"}],"wp:attachment":[{"href":"https:\/\/canal7slp.tv\/2026\/wp-json\/wp\/v2\/media?parent=213549"}],"wp:term":[{"taxonomy":"category","embeddable":true,"href":"https:\/\/canal7slp.tv\/2026\/wp-json\/wp\/v2\/categories?post=213549"},{"taxonomy":"post_tag","embeddable":true,"href":"https:\/\/canal7slp.tv\/2026\/wp-json\/wp\/v2\/tags?post=213549"}],"curies":[{"name":"wp","href":"https:\/\/api.w.org\/{rel}","templated":true}]}}