{"id":213539,"date":"2026-09-02T11:25:00","date_gmt":"2026-09-02T17:25:00","guid":{"rendered":"https:\/\/canal7slp.tv\/2026\/?p=213539"},"modified":"2026-09-02T11:19:49","modified_gmt":"2026-09-02T17:19:49","slug":"gobierno-prioriza-apoyo-a-pymes-en-el-presupuesto-2027","status":"publish","type":"post","link":"https:\/\/canal7slp.tv\/2026\/gobierno-prioriza-apoyo-a-pymes-en-el-presupuesto-2027\/","title":{"rendered":"Gobierno prioriza apoyo a pymes en el presupuesto 2027"},"content":{"rendered":"<p>La administraci\u00f3n encabezada por la presidenta Claudia Sheinbaum Pardo ha delineado los ejes rectores de su pol\u00edtica fiscal para el ejercicio presupuestal 2027, con un \u00e9nfasis determinante en el fortalecimiento del ecosistema emprendedor y la transici\u00f3n tecnol\u00f3gica del tejido productivo nacional. En este contexto, la mandataria anunci\u00f3 la pr\u00f3xima incorporaci\u00f3n de reformas estructurales integradas en el Paquete Econ\u00f3mico, dise\u00f1adas espec\u00edficamente para catalizar la competitividad de las peque\u00f1as y medianas empresas, entidades que constituyen la columna vertebral de la econom\u00eda mexicana y que requieren de un marco normativo m\u00e1s \u00e1gil para su consolidaci\u00f3n. La estrategia gubernamental busca, primordialmente, reducir las barreras de entrada para estos actores econ\u00f3micos, promoviendo incentivos que faciliten su acceso a financiamiento y su integraci\u00f3n en las cadenas de valor globales. Paralelamente, el proyecto contempla un robusto programa de impulso a la econom\u00eda digital, reconociendo a la digitalizaci\u00f3n como una variable indispensable para la modernizaci\u00f3n de los procesos comerciales y la mejora de la eficiencia operativa. A trav\u00e9s de este conjunto de medidas, el Ejecutivo Federal pretende no solo mitigar la brecha tecnol\u00f3gica existente en diversos sectores, sino tambi\u00e9n fomentar un entorno propicio para la innovaci\u00f3n, garantizando que el crecimiento econ\u00f3mico del pa\u00eds sea inclusivo, resiliente y capaz de responder a las demandas del mercado contempor\u00e1neo bajo est\u00e1ndares de sostenibilidad y equidad.<\/p>\n","protected":false},"excerpt":{"rendered":"<p>La administraci\u00f3n encabezada por la presidenta Claudia Sheinbaum Pardo ha delineado los ejes rectores de su pol\u00edtica fiscal para el ejercicio presupuestal 2027, con un \u00e9nfasis determinante en el fortalecimiento del ecosistema emprendedor y la transici\u00f3n tecnol\u00f3gica del tejido productivo nacional. En este contexto, la mandataria anunci\u00f3 la pr\u00f3xima incorporaci\u00f3n de reformas estructurales integradas en el Paquete Econ\u00f3mico, dise\u00f1adas espec\u00edficamente para catalizar la competitividad de las peque\u00f1as y medianas empresas, entidades que constituyen la columna vertebral de la econom\u00eda mexicana y que requieren de un marco normativo m\u00e1s \u00e1gil para su consolidaci\u00f3n. La estrategia gubernamental busca, primordialmente, reducir las barreras [&hellip;]<\/p>\n","protected":false},"author":2,"featured_media":213540,"comment_status":"closed","ping_status":"","sticky":false,"template":"","format":"standard","meta":{"_monsterinsights_skip_tracking":false,"footnotes":""},"categories":[40],"tags":[],"class_list":["post-213539","post","type-post","status-publish","format-standard","has-post-thumbnail","hentry","category-economia","post--single"],"_links":{"self":[{"href":"https:\/\/canal7slp.tv\/2026\/wp-json\/wp\/v2\/posts\/213539","targetHints":{"allow":["GET"]}}],"collection":[{"href":"https:\/\/canal7slp.tv\/2026\/wp-json\/wp\/v2\/posts"}],"about":[{"href":"https:\/\/canal7slp.tv\/2026\/wp-json\/wp\/v2\/types\/post"}],"author":[{"embeddable":true,"href":"https:\/\/canal7slp.tv\/2026\/wp-json\/wp\/v2\/users\/2"}],"replies":[{"embeddable":true,"href":"https:\/\/canal7slp.tv\/2026\/wp-json\/wp\/v2\/comments?post=213539"}],"version-history":[{"count":1,"href":"https:\/\/canal7slp.tv\/2026\/wp-json\/wp\/v2\/posts\/213539\/revisions"}],"predecessor-version":[{"id":213541,"href":"https:\/\/canal7slp.tv\/2026\/wp-json\/wp\/v2\/posts\/213539\/revisions\/213541"}],"wp:featuredmedia":[{"embeddable":true,"href":"https:\/\/canal7slp.tv\/2026\/wp-json\/wp\/v2\/media\/213540"}],"wp:attachment":[{"href":"https:\/\/canal7slp.tv\/2026\/wp-json\/wp\/v2\/media?parent=213539"}],"wp:term":[{"taxonomy":"category","embeddable":true,"href":"https:\/\/canal7slp.tv\/2026\/wp-json\/wp\/v2\/categories?post=213539"},{"taxonomy":"post_tag","embeddable":true,"href":"https:\/\/canal7slp.tv\/2026\/wp-json\/wp\/v2\/tags?post=213539"}],"curies":[{"name":"wp","href":"https:\/\/api.w.org\/{rel}","templated":true}]}}