{"id":213535,"date":"2026-09-02T11:00:14","date_gmt":"2026-09-02T17:00:14","guid":{"rendered":"https:\/\/canal7slp.tv\/2026\/atentado-con-coche-bomba-en-el-noroeste-de-colombia-deja-un-muerto-y-11-heridos\/"},"modified":"2026-09-02T11:00:19","modified_gmt":"2026-09-02T17:00:19","slug":"atentado-con-coche-bomba-en-el-noroeste-de-colombia-deja-un-muerto-y-11-heridos","status":"publish","type":"post","link":"https:\/\/canal7slp.tv\/2026\/atentado-con-coche-bomba-en-el-noroeste-de-colombia-deja-un-muerto-y-11-heridos\/","title":{"rendered":"Atentado con coche bomba en el noroeste de Colombia deja un muerto y 11 heridos"},"content":{"rendered":"<p>Un acto de violencia indiscriminada sacudi\u00f3 la tranquilidad del municipio de Los Patios, ubicado en el noroeste de Colombia, durante las primeras horas del pasado martes. Seg\u00fan los reportes oficiales emitidos por las autoridades locales, un veh\u00edculo cargado con una considerable cantidad de material explosivo fue detonado de manera intencional en las proximidades de una estaci\u00f3n de polic\u00eda, provocando una onda expansiva de gran magnitud que afect\u00f3 significativamente la infraestructura urbana colindante y alter\u00f3 el orden p\u00fablico en la jurisdicci\u00f3n. Este suceso, calificado preliminarmente como un atentado terrorista, ha dejado un saldo lamentable de una persona fallecida y otros once individuos con heridas de diversa consideraci\u00f3n, quienes actualmente reciben atenci\u00f3n m\u00e9dica en los centros asistenciales de la regi\u00f3n.<\/p>\n<p>Las fuerzas de seguridad han desplegado un operativo exhaustivo con el prop\u00f3sito de determinar la autor\u00eda del ataque y esclarecer las circunstancias que rodearon la activaci\u00f3n del artefacto. Hasta el momento, las investigaciones iniciales sugieren una planificaci\u00f3n meticulosa detr\u00e1s de la incursi\u00f3n, la cual parece responder a una estrategia de desestabilizaci\u00f3n en una zona que ha sido escenario de disputas recurrentes por parte de grupos armados al margen de la ley. La fiscal\u00eda ha asumido la direcci\u00f3n de las pesquisas, recolectando evidencia t\u00e9cnica en el lugar del siniestro para identificar a los responsables de esta afrenta contra la institucionalidad y la seguridad ciudadana.<\/p>\n<p>La comunidad local, sumida en una profunda consternaci\u00f3n, ha manifestado su rechazo absoluto ante este tipo de acciones que vulneran el derecho fundamental a la vida y el sosiego social. Por su parte, el gobierno central ha condenado con vehemencia el atentado, reiterando su compromiso indeclinable de fortalecer la presencia estatal en el noroeste del pa\u00eds y garantizar la protecci\u00f3n de la poblaci\u00f3n civil ante cualquier amenaza de \u00edndole insurgente. Mientras las labores de remoci\u00f3n de escombros y evaluaci\u00f3n de da\u00f1os avanzan, se espera que las autoridades competentes ofrezcan, en las pr\u00f3ximas horas, un balance definitivo sobre la situaci\u00f3n de orden p\u00fablico y los avances en la identificaci\u00f3n de los perpetradores.<\/p>\n","protected":false},"excerpt":{"rendered":"<p>Un acto de violencia indiscriminada sacudi\u00f3 la tranquilidad del municipio de Los Patios, ubicado en el noroeste de Colombia, durante las primeras horas del pasado martes. Seg\u00fan los reportes oficiales emitidos por las autoridades locales, un veh\u00edculo cargado con una considerable cantidad de material explosivo fue detonado de manera intencional en las proximidades de una estaci\u00f3n de polic\u00eda, provocando una onda expansiva de gran magnitud que afect\u00f3 significativamente la infraestructura urbana colindante y alter\u00f3 el orden p\u00fablico en la jurisdicci\u00f3n. Este suceso, calificado preliminarmente como un atentado terrorista, ha dejado un saldo lamentable de una persona fallecida y otros once [&hellip;]<\/p>\n","protected":false},"author":2,"featured_media":213536,"comment_status":"closed","ping_status":"","sticky":false,"template":"","format":"standard","meta":{"_monsterinsights_skip_tracking":false,"footnotes":""},"categories":[44],"tags":[],"class_list":["post-213535","post","type-post","status-publish","format-standard","has-post-thumbnail","hentry","category-internacional","post--single"],"_links":{"self":[{"href":"https:\/\/canal7slp.tv\/2026\/wp-json\/wp\/v2\/posts\/213535","targetHints":{"allow":["GET"]}}],"collection":[{"href":"https:\/\/canal7slp.tv\/2026\/wp-json\/wp\/v2\/posts"}],"about":[{"href":"https:\/\/canal7slp.tv\/2026\/wp-json\/wp\/v2\/types\/post"}],"author":[{"embeddable":true,"href":"https:\/\/canal7slp.tv\/2026\/wp-json\/wp\/v2\/users\/2"}],"replies":[{"embeddable":true,"href":"https:\/\/canal7slp.tv\/2026\/wp-json\/wp\/v2\/comments?post=213535"}],"version-history":[{"count":1,"href":"https:\/\/canal7slp.tv\/2026\/wp-json\/wp\/v2\/posts\/213535\/revisions"}],"predecessor-version":[{"id":213537,"href":"https:\/\/canal7slp.tv\/2026\/wp-json\/wp\/v2\/posts\/213535\/revisions\/213537"}],"wp:featuredmedia":[{"embeddable":true,"href":"https:\/\/canal7slp.tv\/2026\/wp-json\/wp\/v2\/media\/213536"}],"wp:attachment":[{"href":"https:\/\/canal7slp.tv\/2026\/wp-json\/wp\/v2\/media?parent=213535"}],"wp:term":[{"taxonomy":"category","embeddable":true,"href":"https:\/\/canal7slp.tv\/2026\/wp-json\/wp\/v2\/categories?post=213535"},{"taxonomy":"post_tag","embeddable":true,"href":"https:\/\/canal7slp.tv\/2026\/wp-json\/wp\/v2\/tags?post=213535"}],"curies":[{"name":"wp","href":"https:\/\/api.w.org\/{rel}","templated":true}]}}