{"id":213518,"date":"2026-09-02T10:16:38","date_gmt":"2026-09-02T16:16:38","guid":{"rendered":"https:\/\/canal7slp.tv\/2026\/?p=213518"},"modified":"2026-09-02T10:16:38","modified_gmt":"2026-09-02T16:16:38","slug":"busca-ayuntamiento-capitalino-destrabar-proyecto-de-alumbrado-tactico-ante-el-inah","status":"publish","type":"post","link":"https:\/\/canal7slp.tv\/2026\/busca-ayuntamiento-capitalino-destrabar-proyecto-de-alumbrado-tactico-ante-el-inah\/","title":{"rendered":"Busca Ayuntamiento Capitalino destrabar proyecto de alumbrado t\u00e1ctico ante el INAH"},"content":{"rendered":"<p style=\"text-align: justify;\">Luego de que el Instituto Nacional de Antropolog\u00eda e Historia colocara sellos de \u201cobra no autorizada\u201d en postes de luminarias instaladas por el ayuntamiento capitalino en el centro hist\u00f3rico, el alcalde Enrique Galindo dijo sin embargo que este proyecto sigue en curso.<\/p>\n<p style=\"text-align: justify;\">Se\u00f1al\u00f3 que este tipo de luminarias forma parte de un proyecto de alumbrado t\u00e1ctico en el primer cuadro de la ciudad, al reconocer que gener\u00f3 diferencias con el INAH al estar ubicadas dentro de una zona protegida.<\/p>\n<p style=\"text-align: justify;\">El edil capitalino asegur\u00f3 que en este tema agotar\u00e1n todas las instancias al decir que se abri\u00f3 una v\u00eda de di\u00e1logo con el gobierno federal.<\/p>\n<p style=\"text-align: justify;\">Record\u00f3 que este proyecto contemplaba intervenir distintos puntos del centro hist\u00f3rico al decir tambien que si no hay otra alternativa, respetar\u00e1n y acatar\u00e1n lo que disponga el INAH.<\/p>\n","protected":false},"excerpt":{"rendered":"<p>Luego de que el Instituto Nacional de Antropolog\u00eda e Historia colocara sellos de \u201cobra no autorizada\u201d en postes de luminarias instaladas por el ayuntamiento capitalino en el centro hist\u00f3rico, el alcalde Enrique Galindo dijo sin embargo que este proyecto sigue en curso. Se\u00f1al\u00f3 que este tipo de luminarias forma parte de un proyecto de alumbrado t\u00e1ctico en el primer cuadro de la ciudad, al reconocer que gener\u00f3 diferencias con el INAH al estar ubicadas dentro de una zona protegida. El edil capitalino asegur\u00f3 que en este tema agotar\u00e1n todas las instancias al decir que se abri\u00f3 una v\u00eda de di\u00e1logo [&hellip;]<\/p>\n","protected":false},"author":2,"featured_media":213520,"comment_status":"closed","ping_status":"closed","sticky":false,"template":"","format":"video","meta":{"_monsterinsights_skip_tracking":false,"footnotes":""},"categories":[5,45],"tags":[],"class_list":["post-213518","post","type-post","status-publish","format-video","has-post-thumbnail","hentry","category-destacadas","category-localesyregionales","post_format-post-format-video","post--single"],"_links":{"self":[{"href":"https:\/\/canal7slp.tv\/2026\/wp-json\/wp\/v2\/posts\/213518","targetHints":{"allow":["GET"]}}],"collection":[{"href":"https:\/\/canal7slp.tv\/2026\/wp-json\/wp\/v2\/posts"}],"about":[{"href":"https:\/\/canal7slp.tv\/2026\/wp-json\/wp\/v2\/types\/post"}],"author":[{"embeddable":true,"href":"https:\/\/canal7slp.tv\/2026\/wp-json\/wp\/v2\/users\/2"}],"replies":[{"embeddable":true,"href":"https:\/\/canal7slp.tv\/2026\/wp-json\/wp\/v2\/comments?post=213518"}],"version-history":[{"count":1,"href":"https:\/\/canal7slp.tv\/2026\/wp-json\/wp\/v2\/posts\/213518\/revisions"}],"predecessor-version":[{"id":213521,"href":"https:\/\/canal7slp.tv\/2026\/wp-json\/wp\/v2\/posts\/213518\/revisions\/213521"}],"wp:featuredmedia":[{"embeddable":true,"href":"https:\/\/canal7slp.tv\/2026\/wp-json\/wp\/v2\/media\/213520"}],"wp:attachment":[{"href":"https:\/\/canal7slp.tv\/2026\/wp-json\/wp\/v2\/media?parent=213518"}],"wp:term":[{"taxonomy":"category","embeddable":true,"href":"https:\/\/canal7slp.tv\/2026\/wp-json\/wp\/v2\/categories?post=213518"},{"taxonomy":"post_tag","embeddable":true,"href":"https:\/\/canal7slp.tv\/2026\/wp-json\/wp\/v2\/tags?post=213518"}],"curies":[{"name":"wp","href":"https:\/\/api.w.org\/{rel}","templated":true}]}}