{"id":213499,"date":"2026-09-02T10:05:53","date_gmt":"2026-09-02T16:05:53","guid":{"rendered":"https:\/\/canal7slp.tv\/2026\/?p=213499"},"modified":"2026-09-02T09:52:33","modified_gmt":"2026-09-02T15:52:33","slug":"abren-convocatoria-para-el-premio-estatal-de-la-juventud-2026","status":"publish","type":"post","link":"https:\/\/canal7slp.tv\/2026\/abren-convocatoria-para-el-premio-estatal-de-la-juventud-2026\/","title":{"rendered":"ABREN CONVOCATORIA PARA EL PREMIO ESTATAL DE LA JUVENTUD 2026"},"content":{"rendered":"<p>El Instituto Potosino de la Juventud dio a conocer la convocatoria para el Premio Estatal de la Juventud 2026 en donde se busca reconocer el talento, la trayectoria\u00a0 y aportaciones a la sociedad de este segmento de la poblaci\u00f3n.<\/p>\n<p>&nbsp;<\/p>\n<p>El director de esta dependencia Adolfo Rubio record\u00f3 que este certamen no se realizaba desde hace siete a\u00f1os al destacar que como medida de transparencia solicitada por los propios j\u00f3venes, se contar\u00e1 con la participaci\u00f3n de integrantes juveniles dentro del jurado calificador.<\/p>\n<p>&nbsp;<\/p>\n<p>ADOLFO RUBIO<\/p>\n<p>Dir. Instituto Potosino de la Juventud<\/p>\n<p>&nbsp;<\/p>\n<p>El rango de edad para participar ser\u00e1 de los 12 a los 29 a\u00f1os en temas como respeto a los derechos humanos, inclusi\u00f3n, ciencia y tecnolog\u00eda, deporte, emprendimiento juvenil y cuidado del medio ambiente.<\/p>\n<p>&nbsp;<\/p>\n<p>Adem\u00e1s, este certamen otorgar\u00e1 un premio de 50 mil pesos por cada categor\u00eda y el registro para participar ser\u00e1 del 1\u00b0 al 26 de Septiembre.<\/p>\n<p>&nbsp;<\/p>\n<p>ADOLFO RUBIO<\/p>\n<p>Dir. Instituto Potosino de la Juventud<\/p>\n","protected":false},"excerpt":{"rendered":"<p>El Instituto Potosino de la Juventud dio a conocer la convocatoria para el Premio Estatal de la Juventud 2026 en donde se busca reconocer el talento, la trayectoria\u00a0 y aportaciones a la sociedad de este segmento de la poblaci\u00f3n. &nbsp; El director de esta dependencia Adolfo Rubio record\u00f3 que este certamen no se realizaba desde hace siete a\u00f1os al destacar que como medida de transparencia solicitada por los propios j\u00f3venes, se contar\u00e1 con la participaci\u00f3n de integrantes juveniles dentro del jurado calificador. &nbsp; ADOLFO RUBIO Dir. Instituto Potosino de la Juventud &nbsp; El rango de edad para participar ser\u00e1 de [&hellip;]<\/p>\n","protected":false},"author":2,"featured_media":213504,"comment_status":"closed","ping_status":"closed","sticky":false,"template":"","format":"video","meta":{"_monsterinsights_skip_tracking":false,"footnotes":""},"categories":[5,45],"tags":[],"class_list":["post-213499","post","type-post","status-publish","format-video","has-post-thumbnail","hentry","category-destacadas","category-localesyregionales","post_format-post-format-video","post--single"],"_links":{"self":[{"href":"https:\/\/canal7slp.tv\/2026\/wp-json\/wp\/v2\/posts\/213499","targetHints":{"allow":["GET"]}}],"collection":[{"href":"https:\/\/canal7slp.tv\/2026\/wp-json\/wp\/v2\/posts"}],"about":[{"href":"https:\/\/canal7slp.tv\/2026\/wp-json\/wp\/v2\/types\/post"}],"author":[{"embeddable":true,"href":"https:\/\/canal7slp.tv\/2026\/wp-json\/wp\/v2\/users\/2"}],"replies":[{"embeddable":true,"href":"https:\/\/canal7slp.tv\/2026\/wp-json\/wp\/v2\/comments?post=213499"}],"version-history":[{"count":1,"href":"https:\/\/canal7slp.tv\/2026\/wp-json\/wp\/v2\/posts\/213499\/revisions"}],"predecessor-version":[{"id":213505,"href":"https:\/\/canal7slp.tv\/2026\/wp-json\/wp\/v2\/posts\/213499\/revisions\/213505"}],"wp:featuredmedia":[{"embeddable":true,"href":"https:\/\/canal7slp.tv\/2026\/wp-json\/wp\/v2\/media\/213504"}],"wp:attachment":[{"href":"https:\/\/canal7slp.tv\/2026\/wp-json\/wp\/v2\/media?parent=213499"}],"wp:term":[{"taxonomy":"category","embeddable":true,"href":"https:\/\/canal7slp.tv\/2026\/wp-json\/wp\/v2\/categories?post=213499"},{"taxonomy":"post_tag","embeddable":true,"href":"https:\/\/canal7slp.tv\/2026\/wp-json\/wp\/v2\/tags?post=213499"}],"curies":[{"name":"wp","href":"https:\/\/api.w.org\/{rel}","templated":true}]}}