{"id":213491,"date":"2026-09-01T15:50:36","date_gmt":"2026-09-01T21:50:36","guid":{"rendered":"https:\/\/canal7slp.tv\/2026\/luto-en-el-deporte-internacional-fallece-a-los-19-anos-la-medallista-mundial-isabelle-sava\/"},"modified":"2026-09-01T15:50:41","modified_gmt":"2026-09-01T21:50:41","slug":"luto-en-el-deporte-internacional-fallece-a-los-19-anos-la-medallista-mundial-isabelle-sava","status":"publish","type":"post","link":"https:\/\/canal7slp.tv\/2026\/luto-en-el-deporte-internacional-fallece-a-los-19-anos-la-medallista-mundial-isabelle-sava\/","title":{"rendered":"Luto en el deporte internacional: Fallece a los 19 a\u00f1os la medallista mundial Isabelle Sava"},"content":{"rendered":"<p>La instituci\u00f3n lamenta profundamente informar el sensible fallecimiento de la destacada deportista Isabelle Sava, quien perdi\u00f3 la vida de manera repentina a los 19 a\u00f1os de edad. La joven atleta, reconocida ampliamente por su brillante trayectoria y por haber alcanzado el podio en campeonatos de escala mundial, representaba un s\u00edmbolo de excelencia y perseverancia para el deporte nacional e internacional. Ante este tr\u00e1gico suceso, extendemos nuestras m\u00e1s sinceras condolencias a sus familiares, amigos y al equipo t\u00e9cnico que la acompa\u00f1\u00f3 a lo largo de su prometedora carrera. El impacto de esta irreparable p\u00e9rdida ha generado una profunda consternaci\u00f3n en toda la comunidad deportiva, cuyos miembros han expresado su pesar y solidaridad hacia quienes compartieron con ella a\u00f1os de riguroso entrenamiento, competencias de alto nivel y diversos proyectos orientados al desarrollo de la disciplina. Su legado, marcado por el esfuerzo constante y la superaci\u00f3n personal, permanecer\u00e1 presente en la memoria de todos aquellos que fueron testigos de su disciplina y entrega en cada escenario competitivo. En virtud de lo anterior, la instituci\u00f3n reitera su compromiso de acompa\u00f1ar a los allegados de la atleta en este dif\u00edcil momento, honrando su trayectoria ejemplar y promoviendo el reconocimiento p\u00f3stumo a su destacada labor deportiva que, pese a su corta edad, logr\u00f3 trascender fronteras e inspirar a las futuras generaciones de deportistas.<\/p>\n","protected":false},"excerpt":{"rendered":"<p>La instituci\u00f3n lamenta profundamente informar el sensible fallecimiento de la destacada deportista Isabelle Sava, quien perdi\u00f3 la vida de manera repentina a los 19 a\u00f1os de edad. La joven atleta, reconocida ampliamente por su brillante trayectoria y por haber alcanzado el podio en campeonatos de escala mundial, representaba un s\u00edmbolo de excelencia y perseverancia para el deporte nacional e internacional. Ante este tr\u00e1gico suceso, extendemos nuestras m\u00e1s sinceras condolencias a sus familiares, amigos y al equipo t\u00e9cnico que la acompa\u00f1\u00f3 a lo largo de su prometedora carrera. El impacto de esta irreparable p\u00e9rdida ha generado una profunda consternaci\u00f3n en toda [&hellip;]<\/p>\n","protected":false},"author":2,"featured_media":213492,"comment_status":"closed","ping_status":"","sticky":false,"template":"","format":"standard","meta":{"_monsterinsights_skip_tracking":false,"footnotes":""},"categories":[44],"tags":[],"class_list":["post-213491","post","type-post","status-publish","format-standard","has-post-thumbnail","hentry","category-internacional","post--single"],"_links":{"self":[{"href":"https:\/\/canal7slp.tv\/2026\/wp-json\/wp\/v2\/posts\/213491","targetHints":{"allow":["GET"]}}],"collection":[{"href":"https:\/\/canal7slp.tv\/2026\/wp-json\/wp\/v2\/posts"}],"about":[{"href":"https:\/\/canal7slp.tv\/2026\/wp-json\/wp\/v2\/types\/post"}],"author":[{"embeddable":true,"href":"https:\/\/canal7slp.tv\/2026\/wp-json\/wp\/v2\/users\/2"}],"replies":[{"embeddable":true,"href":"https:\/\/canal7slp.tv\/2026\/wp-json\/wp\/v2\/comments?post=213491"}],"version-history":[{"count":1,"href":"https:\/\/canal7slp.tv\/2026\/wp-json\/wp\/v2\/posts\/213491\/revisions"}],"predecessor-version":[{"id":213493,"href":"https:\/\/canal7slp.tv\/2026\/wp-json\/wp\/v2\/posts\/213491\/revisions\/213493"}],"wp:featuredmedia":[{"embeddable":true,"href":"https:\/\/canal7slp.tv\/2026\/wp-json\/wp\/v2\/media\/213492"}],"wp:attachment":[{"href":"https:\/\/canal7slp.tv\/2026\/wp-json\/wp\/v2\/media?parent=213491"}],"wp:term":[{"taxonomy":"category","embeddable":true,"href":"https:\/\/canal7slp.tv\/2026\/wp-json\/wp\/v2\/categories?post=213491"},{"taxonomy":"post_tag","embeddable":true,"href":"https:\/\/canal7slp.tv\/2026\/wp-json\/wp\/v2\/tags?post=213491"}],"curies":[{"name":"wp","href":"https:\/\/api.w.org\/{rel}","templated":true}]}}