{"id":213485,"date":"2026-09-01T15:50:00","date_gmt":"2026-09-01T21:50:00","guid":{"rendered":"https:\/\/canal7slp.tv\/2026\/guerra-en-la-voz-melendi-carga-contra-un-coach-por-menospreciar-el-programa\/"},"modified":"2026-09-01T15:50:13","modified_gmt":"2026-09-01T21:50:13","slug":"guerra-en-la-voz-melendi-carga-contra-un-coach-por-menospreciar-el-programa","status":"publish","type":"post","link":"https:\/\/canal7slp.tv\/2026\/guerra-en-la-voz-melendi-carga-contra-un-coach-por-menospreciar-el-programa\/","title":{"rendered":"Guerra en &#8216;La Voz&#8217;: Melendi carga contra un coach por menospreciar el programa"},"content":{"rendered":"<p>Melendi ha cargado duramente contra un compa\u00f1ero de profesi\u00f3n que cuestion\u00f3 la calidad y \u00e9tica de &#8216;La Voz&#8217;. El artista, que se ha reincorporado como coach al talent show, no ocult\u00f3 su indignaci\u00f3n ante las cr\u00edticas recibidas por el formato, al cual defendi\u00f3 enf\u00e1ticamente se\u00f1alando que el autor de los comentarios ha maltratado la trayectoria y el esfuerzo detr\u00e1s del programa televisivo. Para el cantante, esta labor es fundamental en su carrera actual. Su regreso a &#8216;La Voz&#8217; representa un hito personal significativo, ya que el espacio le brind\u00f3 una nueva oportunidad profesional tras una etapa marcada por la controversia. Esta consolidaci\u00f3n en el programa ha sido clave para su imagen p\u00fablica, motivo por el cual Melendi mantiene una postura de defensa f\u00e9rrea hacia el proyecto que le permiti\u00f3 reinventarse frente a la audiencia. Con estas declaraciones, el asturiano cierra filas en torno a la producci\u00f3n y lanza un mensaje contundente contra aquellos que intentan desprestigiar su trabajo y el de todo el equipo t\u00e9cnico. La tensi\u00f3n se hace evidente, dejando claro que, para Melendi, el respeto por el formato es innegociable mientras contin\u00faa cumpliendo su rol como mentor en la presente edici\u00f3n.<\/p>\n","protected":false},"excerpt":{"rendered":"<p>Melendi ha cargado duramente contra un compa\u00f1ero de profesi\u00f3n que cuestion\u00f3 la calidad y \u00e9tica de &#8216;La Voz&#8217;. El artista, que se ha reincorporado como coach al talent show, no ocult\u00f3 su indignaci\u00f3n ante las cr\u00edticas recibidas por el formato, al cual defendi\u00f3 enf\u00e1ticamente se\u00f1alando que el autor de los comentarios ha maltratado la trayectoria y el esfuerzo detr\u00e1s del programa televisivo. Para el cantante, esta labor es fundamental en su carrera actual. Su regreso a &#8216;La Voz&#8217; representa un hito personal significativo, ya que el espacio le brind\u00f3 una nueva oportunidad profesional tras una etapa marcada por la controversia. [&hellip;]<\/p>\n","protected":false},"author":2,"featured_media":213486,"comment_status":"closed","ping_status":"","sticky":false,"template":"","format":"standard","meta":{"_monsterinsights_skip_tracking":false,"footnotes":""},"categories":[42],"tags":[],"class_list":["post-213485","post","type-post","status-publish","format-standard","has-post-thumbnail","hentry","category-espectaculos","post--single"],"_links":{"self":[{"href":"https:\/\/canal7slp.tv\/2026\/wp-json\/wp\/v2\/posts\/213485","targetHints":{"allow":["GET"]}}],"collection":[{"href":"https:\/\/canal7slp.tv\/2026\/wp-json\/wp\/v2\/posts"}],"about":[{"href":"https:\/\/canal7slp.tv\/2026\/wp-json\/wp\/v2\/types\/post"}],"author":[{"embeddable":true,"href":"https:\/\/canal7slp.tv\/2026\/wp-json\/wp\/v2\/users\/2"}],"replies":[{"embeddable":true,"href":"https:\/\/canal7slp.tv\/2026\/wp-json\/wp\/v2\/comments?post=213485"}],"version-history":[{"count":1,"href":"https:\/\/canal7slp.tv\/2026\/wp-json\/wp\/v2\/posts\/213485\/revisions"}],"predecessor-version":[{"id":213487,"href":"https:\/\/canal7slp.tv\/2026\/wp-json\/wp\/v2\/posts\/213485\/revisions\/213487"}],"wp:featuredmedia":[{"embeddable":true,"href":"https:\/\/canal7slp.tv\/2026\/wp-json\/wp\/v2\/media\/213486"}],"wp:attachment":[{"href":"https:\/\/canal7slp.tv\/2026\/wp-json\/wp\/v2\/media?parent=213485"}],"wp:term":[{"taxonomy":"category","embeddable":true,"href":"https:\/\/canal7slp.tv\/2026\/wp-json\/wp\/v2\/categories?post=213485"},{"taxonomy":"post_tag","embeddable":true,"href":"https:\/\/canal7slp.tv\/2026\/wp-json\/wp\/v2\/tags?post=213485"}],"curies":[{"name":"wp","href":"https:\/\/api.w.org\/{rel}","templated":true}]}}