{"id":213480,"date":"2026-09-01T15:42:40","date_gmt":"2026-09-01T21:42:40","guid":{"rendered":"https:\/\/canal7slp.tv\/2026\/?p=213480"},"modified":"2026-09-01T15:42:40","modified_gmt":"2026-09-01T21:42:40","slug":"herida-en-el-craneo-y-abrasiones-registro-joven-al-accidentarse-en-motocicleta-en-zona-media","status":"publish","type":"post","link":"https:\/\/canal7slp.tv\/2026\/herida-en-el-craneo-y-abrasiones-registro-joven-al-accidentarse-en-motocicleta-en-zona-media\/","title":{"rendered":"Herida en el cr\u00e1neo y abrasiones registr\u00f3 joven al accidentarse en motocicleta en Zona Media"},"content":{"rendered":"<p style=\"text-align: justify;\">Un joven de 18 a\u00f1os fue trasladado a un hospital luego de sufrir una ca\u00edda de motocicleta en el camino que conduce a la comunidad de Ojo de Agua Seco, en Rioverde, durante las \u00faltimas horas del fin de semana.<\/p>\n<p style=\"text-align: justify;\">Elementos de Cruz Roja Rioverde acudieron al sitio para brindar atenci\u00f3n prehospitalaria. A su llegada localizaron al motociclista con una herida en el cr\u00e1neo, adem\u00e1s de m\u00faltiples abrasiones en diferentes partes del cuerpo.<br \/>\nDurante la valoraci\u00f3n, los param\u00e9dicos detectaron que el joven se encontraba desorientado, situaci\u00f3n que motiv\u00f3 su traslado inmediato a un centro hospitalario para recibir atenci\u00f3n m\u00e9dica especializada.<\/p>\n<p style=\"text-align: justify;\">\nDe acuerdo con el reporte de los socorristas, el lesionado presentaba un traumatismo craneofacial moderado.<\/p>\n<p style=\"text-align: justify;\">\nLa condici\u00f3n de desorientaci\u00f3n posterior a una ca\u00edda representa un dato de relevancia para los cuerpos de emergencia, debido a que puede estar relacionada con lesiones que requieren valoraci\u00f3n especializada y seguimiento m\u00e9dico.<\/p>\n<p style=\"text-align: justify;\">Por: X\u00f3chitl Morales Castro.<\/p>\n","protected":false},"excerpt":{"rendered":"<p>Un joven de 18 a\u00f1os fue trasladado a un hospital luego de sufrir una ca\u00edda de motocicleta en el camino que conduce a la comunidad de Ojo de Agua Seco, en Rioverde, durante las \u00faltimas horas del fin de semana. Elementos de Cruz Roja Rioverde acudieron al sitio para brindar atenci\u00f3n prehospitalaria. A su llegada localizaron al motociclista con una herida en el cr\u00e1neo, adem\u00e1s de m\u00faltiples abrasiones en diferentes partes del cuerpo. Durante la valoraci\u00f3n, los param\u00e9dicos detectaron que el joven se encontraba desorientado, situaci\u00f3n que motiv\u00f3 su traslado inmediato a un centro hospitalario para recibir atenci\u00f3n m\u00e9dica especializada. [&hellip;]<\/p>\n","protected":false},"author":1,"featured_media":213481,"comment_status":"closed","ping_status":"closed","sticky":false,"template":"","format":"video","meta":{"_monsterinsights_skip_tracking":false,"footnotes":""},"categories":[43],"tags":[],"class_list":["post-213480","post","type-post","status-publish","format-video","has-post-thumbnail","hentry","category-interior","post_format-post-format-video","post--single"],"_links":{"self":[{"href":"https:\/\/canal7slp.tv\/2026\/wp-json\/wp\/v2\/posts\/213480","targetHints":{"allow":["GET"]}}],"collection":[{"href":"https:\/\/canal7slp.tv\/2026\/wp-json\/wp\/v2\/posts"}],"about":[{"href":"https:\/\/canal7slp.tv\/2026\/wp-json\/wp\/v2\/types\/post"}],"author":[{"embeddable":true,"href":"https:\/\/canal7slp.tv\/2026\/wp-json\/wp\/v2\/users\/1"}],"replies":[{"embeddable":true,"href":"https:\/\/canal7slp.tv\/2026\/wp-json\/wp\/v2\/comments?post=213480"}],"version-history":[{"count":1,"href":"https:\/\/canal7slp.tv\/2026\/wp-json\/wp\/v2\/posts\/213480\/revisions"}],"predecessor-version":[{"id":213482,"href":"https:\/\/canal7slp.tv\/2026\/wp-json\/wp\/v2\/posts\/213480\/revisions\/213482"}],"wp:featuredmedia":[{"embeddable":true,"href":"https:\/\/canal7slp.tv\/2026\/wp-json\/wp\/v2\/media\/213481"}],"wp:attachment":[{"href":"https:\/\/canal7slp.tv\/2026\/wp-json\/wp\/v2\/media?parent=213480"}],"wp:term":[{"taxonomy":"category","embeddable":true,"href":"https:\/\/canal7slp.tv\/2026\/wp-json\/wp\/v2\/categories?post=213480"},{"taxonomy":"post_tag","embeddable":true,"href":"https:\/\/canal7slp.tv\/2026\/wp-json\/wp\/v2\/tags?post=213480"}],"curies":[{"name":"wp","href":"https:\/\/api.w.org\/{rel}","templated":true}]}}