{"id":213477,"date":"2026-09-01T15:39:25","date_gmt":"2026-09-01T21:39:25","guid":{"rendered":"https:\/\/canal7slp.tv\/2026\/?p=213477"},"modified":"2026-09-01T15:39:25","modified_gmt":"2026-09-01T21:39:25","slug":"promueven-carrera-comunitaria-en-septiembre-con-rioverde-como-sede","status":"publish","type":"post","link":"https:\/\/canal7slp.tv\/2026\/promueven-carrera-comunitaria-en-septiembre-con-rioverde-como-sede\/","title":{"rendered":"Promueven carrera comunitaria en septiembre, con Rioverde como sede"},"content":{"rendered":"<p style=\"text-align: justify;\">Rioverde, S.L.P.-<\/p>\n<p style=\"text-align: justify;\">En rueda de prensa con medios locales, el profesor Miguel \u00c1ngel R\u00edos Agreda anunci\u00f3 la realizaci\u00f3n de una carrera comunitaria sin fines de lucro el pr\u00f3ximo 13 de septiembre a las 8:00 horas desde la plaza principal, en el marco de su septuag\u00e9simo aniversario de vida.<\/p>\n<p style=\"text-align: justify;\">M\u00e1s all\u00e1 del \u00e1mbito competitivo o promocional, el atleta rioverdense, veterano de m\u00e1s de 50 maratones, enfatiz\u00f3 la trascendencia social de la actividad f\u00edsica.<\/p>\n<p style=\"text-align: justify;\">R\u00edos Agreda subray\u00f3 que no existe un l\u00edmite de edad para comenzar a ejercitarse y que cualquier disciplina deportiva contribuye de manera fundamental al cuidado de la salud mental y el bienestar integral.<\/p>\n<p style=\"text-align: justify;\">Al recordar los inicios del atletismo en la zona junto a pioneros como Juan Pablo Barrag\u00e1n, el docente resalt\u00f3 el crecimiento de esta disciplina en la poblaci\u00f3n. La iniciativa busca movilizar a la sociedad hacia h\u00e1bitos saludables, reafirmando que el verdadero desaf\u00edo del deporte radica en la superaci\u00f3n personal y la mentalidad positiva.<\/p>\n<p style=\"text-align: justify;\">Por: X\u00f3chitl Morales Castro.<\/p>\n","protected":false},"excerpt":{"rendered":"<p>Rioverde, S.L.P.- En rueda de prensa con medios locales, el profesor Miguel \u00c1ngel R\u00edos Agreda anunci\u00f3 la realizaci\u00f3n de una carrera comunitaria sin fines de lucro el pr\u00f3ximo 13 de septiembre a las 8:00 horas desde la plaza principal, en el marco de su septuag\u00e9simo aniversario de vida. M\u00e1s all\u00e1 del \u00e1mbito competitivo o promocional, el atleta rioverdense, veterano de m\u00e1s de 50 maratones, enfatiz\u00f3 la trascendencia social de la actividad f\u00edsica. R\u00edos Agreda subray\u00f3 que no existe un l\u00edmite de edad para comenzar a ejercitarse y que cualquier disciplina deportiva contribuye de manera fundamental al cuidado de la salud [&hellip;]<\/p>\n","protected":false},"author":1,"featured_media":213478,"comment_status":"closed","ping_status":"closed","sticky":false,"template":"","format":"video","meta":{"_monsterinsights_skip_tracking":false,"footnotes":""},"categories":[43],"tags":[],"class_list":["post-213477","post","type-post","status-publish","format-video","has-post-thumbnail","hentry","category-interior","post_format-post-format-video","post--single"],"_links":{"self":[{"href":"https:\/\/canal7slp.tv\/2026\/wp-json\/wp\/v2\/posts\/213477","targetHints":{"allow":["GET"]}}],"collection":[{"href":"https:\/\/canal7slp.tv\/2026\/wp-json\/wp\/v2\/posts"}],"about":[{"href":"https:\/\/canal7slp.tv\/2026\/wp-json\/wp\/v2\/types\/post"}],"author":[{"embeddable":true,"href":"https:\/\/canal7slp.tv\/2026\/wp-json\/wp\/v2\/users\/1"}],"replies":[{"embeddable":true,"href":"https:\/\/canal7slp.tv\/2026\/wp-json\/wp\/v2\/comments?post=213477"}],"version-history":[{"count":1,"href":"https:\/\/canal7slp.tv\/2026\/wp-json\/wp\/v2\/posts\/213477\/revisions"}],"predecessor-version":[{"id":213479,"href":"https:\/\/canal7slp.tv\/2026\/wp-json\/wp\/v2\/posts\/213477\/revisions\/213479"}],"wp:featuredmedia":[{"embeddable":true,"href":"https:\/\/canal7slp.tv\/2026\/wp-json\/wp\/v2\/media\/213478"}],"wp:attachment":[{"href":"https:\/\/canal7slp.tv\/2026\/wp-json\/wp\/v2\/media?parent=213477"}],"wp:term":[{"taxonomy":"category","embeddable":true,"href":"https:\/\/canal7slp.tv\/2026\/wp-json\/wp\/v2\/categories?post=213477"},{"taxonomy":"post_tag","embeddable":true,"href":"https:\/\/canal7slp.tv\/2026\/wp-json\/wp\/v2\/tags?post=213477"}],"curies":[{"name":"wp","href":"https:\/\/api.w.org\/{rel}","templated":true}]}}