{"id":213474,"date":"2026-09-01T15:36:19","date_gmt":"2026-09-01T21:36:19","guid":{"rendered":"https:\/\/canal7slp.tv\/2026\/?p=213474"},"modified":"2026-09-01T15:36:19","modified_gmt":"2026-09-01T21:36:19","slug":"hospitalizan-a-hombre-tras-caer-de-andamio-en-el-centro-de-rioverde","status":"publish","type":"post","link":"https:\/\/canal7slp.tv\/2026\/hospitalizan-a-hombre-tras-caer-de-andamio-en-el-centro-de-rioverde\/","title":{"rendered":"Hospitalizan a hombre tras caer de andamio en el centro de Rioverde"},"content":{"rendered":"<p style=\"text-align: justify;\">Un hombre de 25 a\u00f1os result\u00f3 lesionado al caer de un andamio de aproximadamente tres metros de altura mientras realizaba labores de trabajo durante el mediod\u00eda de este domingo, en la zona Centro de Rioverde.<\/p>\n<p style=\"text-align: justify;\">\nEl accidente ocurri\u00f3 sobre la calle Paseo del Valle, esquina con Mariano Jim\u00e9nez, donde se solicit\u00f3 el apoyo de los servicios de emergencia para atender al trabajador.<\/p>\n<p style=\"text-align: justify;\">\nParam\u00e9dicos de Cruz Roja Mexicana de Rioverde acudieron al lugar y realizaron la valoraci\u00f3n inicial del lesionado, quien presentaba una herida abierta en la regi\u00f3n occipital del cr\u00e1neo, acompa\u00f1ada de hemorragia activa.<\/p>\n<p style=\"text-align: justify;\">\nDebido a las caracter\u00edsticas de la lesi\u00f3n y al riesgo que representaba el golpe en la cabeza, los socorristas determinaron necesario realizar su traslado a un hospital.<\/p>\n<p style=\"text-align: justify;\">\nEl hombre fue canalizado al Hospital General de Rioverde, donde qued\u00f3 a disposici\u00f3n del personal m\u00e9dico para recibir valoraci\u00f3n especializada y determinar el tratamiento correspondiente tras la ca\u00edda sufrida mientras se encontraba trabajando.<\/p>\n<p style=\"text-align: justify;\">Por: X\u00f3chitl Morales Castro.<\/p>\n","protected":false},"excerpt":{"rendered":"<p>Un hombre de 25 a\u00f1os result\u00f3 lesionado al caer de un andamio de aproximadamente tres metros de altura mientras realizaba labores de trabajo durante el mediod\u00eda de este domingo, en la zona Centro de Rioverde. El accidente ocurri\u00f3 sobre la calle Paseo del Valle, esquina con Mariano Jim\u00e9nez, donde se solicit\u00f3 el apoyo de los servicios de emergencia para atender al trabajador. Param\u00e9dicos de Cruz Roja Mexicana de Rioverde acudieron al lugar y realizaron la valoraci\u00f3n inicial del lesionado, quien presentaba una herida abierta en la regi\u00f3n occipital del cr\u00e1neo, acompa\u00f1ada de hemorragia activa. Debido a las caracter\u00edsticas de la [&hellip;]<\/p>\n","protected":false},"author":1,"featured_media":213475,"comment_status":"closed","ping_status":"closed","sticky":false,"template":"","format":"video","meta":{"_monsterinsights_skip_tracking":false,"footnotes":""},"categories":[5,43],"tags":[],"class_list":["post-213474","post","type-post","status-publish","format-video","has-post-thumbnail","hentry","category-destacadas","category-interior","post_format-post-format-video","post--single"],"_links":{"self":[{"href":"https:\/\/canal7slp.tv\/2026\/wp-json\/wp\/v2\/posts\/213474","targetHints":{"allow":["GET"]}}],"collection":[{"href":"https:\/\/canal7slp.tv\/2026\/wp-json\/wp\/v2\/posts"}],"about":[{"href":"https:\/\/canal7slp.tv\/2026\/wp-json\/wp\/v2\/types\/post"}],"author":[{"embeddable":true,"href":"https:\/\/canal7slp.tv\/2026\/wp-json\/wp\/v2\/users\/1"}],"replies":[{"embeddable":true,"href":"https:\/\/canal7slp.tv\/2026\/wp-json\/wp\/v2\/comments?post=213474"}],"version-history":[{"count":1,"href":"https:\/\/canal7slp.tv\/2026\/wp-json\/wp\/v2\/posts\/213474\/revisions"}],"predecessor-version":[{"id":213476,"href":"https:\/\/canal7slp.tv\/2026\/wp-json\/wp\/v2\/posts\/213474\/revisions\/213476"}],"wp:featuredmedia":[{"embeddable":true,"href":"https:\/\/canal7slp.tv\/2026\/wp-json\/wp\/v2\/media\/213475"}],"wp:attachment":[{"href":"https:\/\/canal7slp.tv\/2026\/wp-json\/wp\/v2\/media?parent=213474"}],"wp:term":[{"taxonomy":"category","embeddable":true,"href":"https:\/\/canal7slp.tv\/2026\/wp-json\/wp\/v2\/categories?post=213474"},{"taxonomy":"post_tag","embeddable":true,"href":"https:\/\/canal7slp.tv\/2026\/wp-json\/wp\/v2\/tags?post=213474"}],"curies":[{"name":"wp","href":"https:\/\/api.w.org\/{rel}","templated":true}]}}