{"id":213470,"date":"2026-09-01T15:33:29","date_gmt":"2026-09-01T21:33:29","guid":{"rendered":"https:\/\/canal7slp.tv\/2026\/?p=213470"},"modified":"2026-09-01T15:33:29","modified_gmt":"2026-09-01T21:33:29","slug":"alertan-sobre-posible-incendio-en-relleno-sanitario-de-zona-media-advierten-presentacion-de-procedimiento-colectivo","status":"publish","type":"post","link":"https:\/\/canal7slp.tv\/2026\/alertan-sobre-posible-incendio-en-relleno-sanitario-de-zona-media-advierten-presentacion-de-procedimiento-colectivo\/","title":{"rendered":"Alertan sobre posible incendio en relleno sanitario de Zona Media; advierten presentaci\u00f3n de procedimiento colectivo"},"content":{"rendered":"<p style=\"text-align: justify;\">Desde hace varios d\u00edas, habitantes de Rioverde y Ciudad Fern\u00e1ndez mantienen una queja constante a trav\u00e9s de redes sociales por la presencia de humo y un intenso olor a quemado que se extiende por distintos sectores de la zona conurbada.<\/p>\n<p style=\"text-align: justify;\">\nEn grupos ciudadanos, usuarios cuestionan el origen de esta situaci\u00f3n y manifiestan preocupaci\u00f3n por las molestias que, aseguran, ha generado entre la poblaci\u00f3n, adem\u00e1s de se\u00f1alar posibles afectaciones a la salud.<\/p>\n<p style=\"text-align: justify;\">\nDe manera preliminar, habitantes consideran que el humo podr\u00eda estar relacionado con el incendio subterr\u00e1neo registrado desde hace aproximadamente semana y media en el relleno sanitario de Rioverde, pese a que anteriormente se inform\u00f3 que el siniestro se encontraba controlado.<\/p>\n<p style=\"text-align: justify;\">\nHasta el momento, no se ha emitido informaci\u00f3n oficial que confirme esta relaci\u00f3n ni se han dado a conocer nuevas acciones sobre el incendio. Ante la falta de respuestas, ciudadanos han planteado la posibilidad de presentar una solicitud o denuncia colectiva ante las autoridades municipales correspondientes para exigir informaci\u00f3n y atenci\u00f3n al problema.<\/p>\n<p style=\"text-align: justify;\">\nPor: X\u00f3chitl Morales Castro.<\/p>\n","protected":false},"excerpt":{"rendered":"<p>Desde hace varios d\u00edas, habitantes de Rioverde y Ciudad Fern\u00e1ndez mantienen una queja constante a trav\u00e9s de redes sociales por la presencia de humo y un intenso olor a quemado que se extiende por distintos sectores de la zona conurbada. En grupos ciudadanos, usuarios cuestionan el origen de esta situaci\u00f3n y manifiestan preocupaci\u00f3n por las molestias que, aseguran, ha generado entre la poblaci\u00f3n, adem\u00e1s de se\u00f1alar posibles afectaciones a la salud. De manera preliminar, habitantes consideran que el humo podr\u00eda estar relacionado con el incendio subterr\u00e1neo registrado desde hace aproximadamente semana y media en el relleno sanitario de Rioverde, pese [&hellip;]<\/p>\n","protected":false},"author":1,"featured_media":213471,"comment_status":"closed","ping_status":"closed","sticky":false,"template":"","format":"video","meta":{"_monsterinsights_skip_tracking":false,"footnotes":""},"categories":[43],"tags":[],"class_list":["post-213470","post","type-post","status-publish","format-video","has-post-thumbnail","hentry","category-interior","post_format-post-format-video","post--single"],"_links":{"self":[{"href":"https:\/\/canal7slp.tv\/2026\/wp-json\/wp\/v2\/posts\/213470","targetHints":{"allow":["GET"]}}],"collection":[{"href":"https:\/\/canal7slp.tv\/2026\/wp-json\/wp\/v2\/posts"}],"about":[{"href":"https:\/\/canal7slp.tv\/2026\/wp-json\/wp\/v2\/types\/post"}],"author":[{"embeddable":true,"href":"https:\/\/canal7slp.tv\/2026\/wp-json\/wp\/v2\/users\/1"}],"replies":[{"embeddable":true,"href":"https:\/\/canal7slp.tv\/2026\/wp-json\/wp\/v2\/comments?post=213470"}],"version-history":[{"count":2,"href":"https:\/\/canal7slp.tv\/2026\/wp-json\/wp\/v2\/posts\/213470\/revisions"}],"predecessor-version":[{"id":213473,"href":"https:\/\/canal7slp.tv\/2026\/wp-json\/wp\/v2\/posts\/213470\/revisions\/213473"}],"wp:featuredmedia":[{"embeddable":true,"href":"https:\/\/canal7slp.tv\/2026\/wp-json\/wp\/v2\/media\/213471"}],"wp:attachment":[{"href":"https:\/\/canal7slp.tv\/2026\/wp-json\/wp\/v2\/media?parent=213470"}],"wp:term":[{"taxonomy":"category","embeddable":true,"href":"https:\/\/canal7slp.tv\/2026\/wp-json\/wp\/v2\/categories?post=213470"},{"taxonomy":"post_tag","embeddable":true,"href":"https:\/\/canal7slp.tv\/2026\/wp-json\/wp\/v2\/tags?post=213470"}],"curies":[{"name":"wp","href":"https:\/\/api.w.org\/{rel}","templated":true}]}}