{"id":213459,"date":"2026-09-01T15:23:40","date_gmt":"2026-09-01T21:23:40","guid":{"rendered":"https:\/\/canal7slp.tv\/2026\/?p=213459"},"modified":"2026-09-01T15:23:40","modified_gmt":"2026-09-01T21:23:40","slug":"acumula-confianza-empresarial-28-caidas-consecutivas","status":"publish","type":"post","link":"https:\/\/canal7slp.tv\/2026\/acumula-confianza-empresarial-28-caidas-consecutivas\/","title":{"rendered":"Acumula confianza empresarial 28 ca\u00eddas consecutivas"},"content":{"rendered":"<p style=\"text-align: justify;\">La confianza empresarial en M\u00e9xico sigui\u00f3 deprimida.<\/p>\n<p style=\"text-align: justify;\">Estancamiento mensual y acumulaci\u00f3n de 28 ca\u00eddas anuales consecutivas, refleja el Instituto Nacional de Estad\u00edstica y Geograf\u00eda (Inegi) al corte de julio del presente.<\/p>\n<p style=\"text-align: justify;\">El Indicador Global de Opini\u00f3n Empresarial de Confianza (Igoec) se ubic\u00f3 en 48.2 puntos en agosto.<\/p>\n<p style=\"text-align: justify;\">No present\u00f3 cambios respecto el mes previo.<\/p>\n<p style=\"text-align: justify;\">Retrocedi\u00f3 1.1 puntos frente agosto de 2025 -su ca\u00edda anual n\u00famero 28 de manera consecutiva-.<\/p>\n<p style=\"text-align: justify;\">Ello, ha reflejado pesimismo entre el consenso de miembros de la iniciativa privada.<\/p>\n<p style=\"text-align: justify;\">El promedio ponderado de indicadores de cuatro sectores que lo integran -manufactura, construcci\u00f3n, comercio y servicios privados no financieros- sigui\u00f3 en zona de contracci\u00f3n.<\/p>\n<p style=\"text-align: justify;\">Se ubica debajo de 50 puntos -lo que explica pesimismo-.<\/p>\n<p style=\"text-align: justify;\">La confianza empresarial, que condiciona decisiones de producci\u00f3n e inversi\u00f3n a corto y mediano plazo, report\u00f3 deterioro promedio en agosto pasado.<\/p>\n<p style=\"text-align: justify;\">Ello, provocado por pesimismo en empresariado&#8230; principalmente en sectores de manufactura, comercio y servicios no financieros; los cuales presentaron descensos anuales.<\/p>\n<p style=\"text-align: justify;\">Solo la construcci\u00f3n registr\u00f3 avance en agosto.<\/p>\n<p style=\"text-align: justify;\">En su medici\u00f3n mes a mes, manufactura, construcci\u00f3n y servicios presentaron avances.<\/p>\n<p style=\"text-align: justify;\">Pero el comercio se deprimi\u00f3.<\/p>\n","protected":false},"excerpt":{"rendered":"<p>La confianza empresarial en M\u00e9xico sigui\u00f3 deprimida. Estancamiento mensual y acumulaci\u00f3n de 28 ca\u00eddas anuales consecutivas, refleja el Instituto Nacional de Estad\u00edstica y Geograf\u00eda (Inegi) al corte de julio del presente. El Indicador Global de Opini\u00f3n Empresarial de Confianza (Igoec) se ubic\u00f3 en 48.2 puntos en agosto. No present\u00f3 cambios respecto el mes previo. Retrocedi\u00f3 1.1 puntos frente agosto de 2025 -su ca\u00edda anual n\u00famero 28 de manera consecutiva-. Ello, ha reflejado pesimismo entre el consenso de miembros de la iniciativa privada. El promedio ponderado de indicadores de cuatro sectores que lo integran -manufactura, construcci\u00f3n, comercio y servicios privados no [&hellip;]<\/p>\n","protected":false},"author":1,"featured_media":213460,"comment_status":"closed","ping_status":"closed","sticky":false,"template":"","format":"video","meta":{"_monsterinsights_skip_tracking":false,"footnotes":""},"categories":[5,46],"tags":[],"class_list":["post-213459","post","type-post","status-publish","format-video","has-post-thumbnail","hentry","category-destacadas","category-nacional","post_format-post-format-video","post--single"],"_links":{"self":[{"href":"https:\/\/canal7slp.tv\/2026\/wp-json\/wp\/v2\/posts\/213459","targetHints":{"allow":["GET"]}}],"collection":[{"href":"https:\/\/canal7slp.tv\/2026\/wp-json\/wp\/v2\/posts"}],"about":[{"href":"https:\/\/canal7slp.tv\/2026\/wp-json\/wp\/v2\/types\/post"}],"author":[{"embeddable":true,"href":"https:\/\/canal7slp.tv\/2026\/wp-json\/wp\/v2\/users\/1"}],"replies":[{"embeddable":true,"href":"https:\/\/canal7slp.tv\/2026\/wp-json\/wp\/v2\/comments?post=213459"}],"version-history":[{"count":1,"href":"https:\/\/canal7slp.tv\/2026\/wp-json\/wp\/v2\/posts\/213459\/revisions"}],"predecessor-version":[{"id":213461,"href":"https:\/\/canal7slp.tv\/2026\/wp-json\/wp\/v2\/posts\/213459\/revisions\/213461"}],"wp:featuredmedia":[{"embeddable":true,"href":"https:\/\/canal7slp.tv\/2026\/wp-json\/wp\/v2\/media\/213460"}],"wp:attachment":[{"href":"https:\/\/canal7slp.tv\/2026\/wp-json\/wp\/v2\/media?parent=213459"}],"wp:term":[{"taxonomy":"category","embeddable":true,"href":"https:\/\/canal7slp.tv\/2026\/wp-json\/wp\/v2\/categories?post=213459"},{"taxonomy":"post_tag","embeddable":true,"href":"https:\/\/canal7slp.tv\/2026\/wp-json\/wp\/v2\/tags?post=213459"}],"curies":[{"name":"wp","href":"https:\/\/api.w.org\/{rel}","templated":true}]}}