{"id":213423,"date":"2026-09-01T11:41:28","date_gmt":"2026-09-01T17:41:28","guid":{"rendered":"https:\/\/canal7slp.tv\/2026\/tension-en-ormuz-primer-enfrentamiento-militar-entre-la-ue-e-iran-en-un-mes\/"},"modified":"2026-09-01T11:41:41","modified_gmt":"2026-09-01T17:41:41","slug":"tension-en-ormuz-primer-enfrentamiento-militar-entre-la-ue-e-iran-en-un-mes","status":"publish","type":"post","link":"https:\/\/canal7slp.tv\/2026\/tension-en-ormuz-primer-enfrentamiento-militar-entre-la-ue-e-iran-en-un-mes\/","title":{"rendered":"Tensi\u00f3n en Ormuz: primer enfrentamiento militar entre la UE e Ir\u00e1n en un mes"},"content":{"rendered":"<p>Las tensiones en el estrecho de Ormuz alcanzaron un punto cr\u00edtico tras un enfrentamiento militar directo entre fuerzas de la Uni\u00f3n Europea e Ir\u00e1n. Este intercambio de ataques representa la primera escalada armada de esta magnitud en el \u00faltimo mes, rompiendo la fr\u00e1gil calma que se manten\u00eda en una de las rutas comerciales m\u00e1s vitales del mundo. La confrontaci\u00f3n, que involucr\u00f3 disparos y maniobras defensivas, confirma el deterioro de la seguridad en la regi\u00f3n ante el aumento de la presencia naval extranjera. Las autoridades iran\u00edes han calificado la incursi\u00f3n como una provocaci\u00f3n directa a su soberan\u00eda, mientras que los representantes europeos sostienen que la respuesta fue necesaria para garantizar la libre navegaci\u00f3n y proteger sus buques ante posibles actos de hostigamiento. El incidente ha disparado las alarmas internacionales sobre un posible conflicto de mayor escala. Analistas temen que este choque, al ser un enfrentamiento directo entre potencias, cierre la puerta a futuras negociaciones diplom\u00e1ticas. Por ahora, tanto Teher\u00e1n como Bruselas han reforzado sus patrullas en el \u00e1rea, elevando el riesgo de nuevos altercados que podr\u00edan desestabilizar a\u00fan m\u00e1s el suministro global de energ\u00eda.<\/p>\n","protected":false},"excerpt":{"rendered":"<p>Las tensiones en el estrecho de Ormuz alcanzaron un punto cr\u00edtico tras un enfrentamiento militar directo entre fuerzas de la Uni\u00f3n Europea e Ir\u00e1n. Este intercambio de ataques representa la primera escalada armada de esta magnitud en el \u00faltimo mes, rompiendo la fr\u00e1gil calma que se manten\u00eda en una de las rutas comerciales m\u00e1s vitales del mundo. La confrontaci\u00f3n, que involucr\u00f3 disparos y maniobras defensivas, confirma el deterioro de la seguridad en la regi\u00f3n ante el aumento de la presencia naval extranjera. Las autoridades iran\u00edes han calificado la incursi\u00f3n como una provocaci\u00f3n directa a su soberan\u00eda, mientras que los representantes [&hellip;]<\/p>\n","protected":false},"author":2,"featured_media":213424,"comment_status":"closed","ping_status":"","sticky":false,"template":"","format":"standard","meta":{"_monsterinsights_skip_tracking":false,"footnotes":""},"categories":[44],"tags":[],"class_list":["post-213423","post","type-post","status-publish","format-standard","has-post-thumbnail","hentry","category-internacional","post--single"],"_links":{"self":[{"href":"https:\/\/canal7slp.tv\/2026\/wp-json\/wp\/v2\/posts\/213423","targetHints":{"allow":["GET"]}}],"collection":[{"href":"https:\/\/canal7slp.tv\/2026\/wp-json\/wp\/v2\/posts"}],"about":[{"href":"https:\/\/canal7slp.tv\/2026\/wp-json\/wp\/v2\/types\/post"}],"author":[{"embeddable":true,"href":"https:\/\/canal7slp.tv\/2026\/wp-json\/wp\/v2\/users\/2"}],"replies":[{"embeddable":true,"href":"https:\/\/canal7slp.tv\/2026\/wp-json\/wp\/v2\/comments?post=213423"}],"version-history":[{"count":1,"href":"https:\/\/canal7slp.tv\/2026\/wp-json\/wp\/v2\/posts\/213423\/revisions"}],"predecessor-version":[{"id":213425,"href":"https:\/\/canal7slp.tv\/2026\/wp-json\/wp\/v2\/posts\/213423\/revisions\/213425"}],"wp:featuredmedia":[{"embeddable":true,"href":"https:\/\/canal7slp.tv\/2026\/wp-json\/wp\/v2\/media\/213424"}],"wp:attachment":[{"href":"https:\/\/canal7slp.tv\/2026\/wp-json\/wp\/v2\/media?parent=213423"}],"wp:term":[{"taxonomy":"category","embeddable":true,"href":"https:\/\/canal7slp.tv\/2026\/wp-json\/wp\/v2\/categories?post=213423"},{"taxonomy":"post_tag","embeddable":true,"href":"https:\/\/canal7slp.tv\/2026\/wp-json\/wp\/v2\/tags?post=213423"}],"curies":[{"name":"wp","href":"https:\/\/api.w.org\/{rel}","templated":true}]}}