{"id":213417,"date":"2026-09-01T11:19:44","date_gmt":"2026-09-01T17:19:44","guid":{"rendered":"https:\/\/canal7slp.tv\/2026\/ejercicio-de-transparencia-republicana-la-administracion-federal-evalua-el-rumbo-estrategico-en-su-segundo-informe\/"},"modified":"2026-09-01T11:19:50","modified_gmt":"2026-09-01T17:19:50","slug":"ejercicio-de-transparencia-republicana-la-administracion-federal-evalua-el-rumbo-estrategico-en-su-segundo-informe","status":"publish","type":"post","link":"https:\/\/canal7slp.tv\/2026\/ejercicio-de-transparencia-republicana-la-administracion-federal-evalua-el-rumbo-estrategico-en-su-segundo-informe\/","title":{"rendered":"Ejercicio de transparencia republicana: la administraci\u00f3n federal eval\u00faa el rumbo estrat\u00e9gico en su Segundo Informe"},"content":{"rendered":"<p>En el marco institucional que define la liturgia republicana, la Presidenta Claudia Sheinbaum Pardo ha comparecido este martes 1 de septiembre de 2026 en el recinto hist\u00f3rico de Palacio Nacional para presentar su Segundo Informe de Gobierno. Este acto protocolario, de suma relevancia para la estabilidad democr\u00e1tica del pa\u00eds, constituye un ejercicio de rendici\u00f3n de cuentas en el cual la titular del Ejecutivo Federal articula los ejes rectores de su administraci\u00f3n, exponiendo los alcances y las metas logradas durante el presente ciclo de gesti\u00f3n gubernamental. La elecci\u00f3n de este emblema del patrimonio nacional como sede para el evento subraya, una vez m\u00e1s, el compromiso de su administraci\u00f3n con la sobriedad y el simbolismo de la investidura presidencial ante los desaf\u00edos contempor\u00e1neos de la naci\u00f3n. Durante su alocuci\u00f3n, la Presidenta Sheinbaum profundiz\u00f3 en la consolidaci\u00f3n de las pol\u00edticas p\u00fablicas que definen su visi\u00f3n de Estado, destacando los avances en materia de desarrollo social, infraestructura y estabilidad econ\u00f3mica. Ante la presencia de diversos representantes de los poderes p\u00fablicos y los sectores de la sociedad civil, el mensaje se centr\u00f3 en la continuidad de la transformaci\u00f3n administrativa y la b\u00fasqueda de soluciones a las problem\u00e1ticas estructurales que persisten en la agenda p\u00fablica. Este informe, m\u00e1s que una mera exposici\u00f3n de indicadores cuantitativos, se posiciona como una evaluaci\u00f3n cualitativa de la direcci\u00f3n pol\u00edtica trazada por su gabinete. Finalmente, el evento marca una coyuntura estrat\u00e9gica en el sexenio, permitiendo el contraste entre las expectativas ciudadanas y la ejecuci\u00f3n de los programas gubernamentales vigentes. Con este ejercicio de transparencia, el gobierno federal reafirma su disposici\u00f3n para afrontar la segunda mitad de su mandato, manteniendo el enfoque en la gobernabilidad y el fortalecimiento del pacto federal. La jornada concluye con el an\u00e1lisis de los sectores especializados, quienes examinan las implicaciones a largo plazo de las propuestas expuestas por la Jefa del Ejecutivo en este trascendental c\u00f3nclave pol\u00edtico.<\/p>\n","protected":false},"excerpt":{"rendered":"<p>En el marco institucional que define la liturgia republicana, la Presidenta Claudia Sheinbaum Pardo ha comparecido este martes 1 de septiembre de 2026 en el recinto hist\u00f3rico de Palacio Nacional para presentar su Segundo Informe de Gobierno. Este acto protocolario, de suma relevancia para la estabilidad democr\u00e1tica del pa\u00eds, constituye un ejercicio de rendici\u00f3n de cuentas en el cual la titular del Ejecutivo Federal articula los ejes rectores de su administraci\u00f3n, exponiendo los alcances y las metas logradas durante el presente ciclo de gesti\u00f3n gubernamental. La elecci\u00f3n de este emblema del patrimonio nacional como sede para el evento subraya, una [&hellip;]<\/p>\n","protected":false},"author":2,"featured_media":213418,"comment_status":"closed","ping_status":"","sticky":false,"template":"","format":"standard","meta":{"_monsterinsights_skip_tracking":false,"footnotes":""},"categories":[46],"tags":[],"class_list":["post-213417","post","type-post","status-publish","format-standard","has-post-thumbnail","hentry","category-nacional","post--single"],"_links":{"self":[{"href":"https:\/\/canal7slp.tv\/2026\/wp-json\/wp\/v2\/posts\/213417","targetHints":{"allow":["GET"]}}],"collection":[{"href":"https:\/\/canal7slp.tv\/2026\/wp-json\/wp\/v2\/posts"}],"about":[{"href":"https:\/\/canal7slp.tv\/2026\/wp-json\/wp\/v2\/types\/post"}],"author":[{"embeddable":true,"href":"https:\/\/canal7slp.tv\/2026\/wp-json\/wp\/v2\/users\/2"}],"replies":[{"embeddable":true,"href":"https:\/\/canal7slp.tv\/2026\/wp-json\/wp\/v2\/comments?post=213417"}],"version-history":[{"count":1,"href":"https:\/\/canal7slp.tv\/2026\/wp-json\/wp\/v2\/posts\/213417\/revisions"}],"predecessor-version":[{"id":213419,"href":"https:\/\/canal7slp.tv\/2026\/wp-json\/wp\/v2\/posts\/213417\/revisions\/213419"}],"wp:featuredmedia":[{"embeddable":true,"href":"https:\/\/canal7slp.tv\/2026\/wp-json\/wp\/v2\/media\/213418"}],"wp:attachment":[{"href":"https:\/\/canal7slp.tv\/2026\/wp-json\/wp\/v2\/media?parent=213417"}],"wp:term":[{"taxonomy":"category","embeddable":true,"href":"https:\/\/canal7slp.tv\/2026\/wp-json\/wp\/v2\/categories?post=213417"},{"taxonomy":"post_tag","embeddable":true,"href":"https:\/\/canal7slp.tv\/2026\/wp-json\/wp\/v2\/tags?post=213417"}],"curies":[{"name":"wp","href":"https:\/\/api.w.org\/{rel}","templated":true}]}}