{"id":213413,"date":"2026-09-01T11:08:06","date_gmt":"2026-09-01T17:08:06","guid":{"rendered":"https:\/\/canal7slp.tv\/2026\/?p=213413"},"modified":"2026-09-01T11:08:06","modified_gmt":"2026-09-01T17:08:06","slug":"dif-municipal-capitalino-da-inicio-al-ciclo-escolar-2026-2027","status":"publish","type":"post","link":"https:\/\/canal7slp.tv\/2026\/dif-municipal-capitalino-da-inicio-al-ciclo-escolar-2026-2027\/","title":{"rendered":"DIF MUNICIPAL CAPITALINO DA INICIO AL CICLO ESCOLAR 2026-2027"},"content":{"rendered":"<p>&nbsp;<\/p>\n<p>El gobierno capitalino dio el arranque al ciclo escolar 2026-2027 en los seis centros educativos del DIF municipal en donde se destac\u00f3 que la educaci\u00f3n inicial y preescolar, es fundamental para el desarrollo de la ni\u00f1ez.<\/p>\n<p>&nbsp;<\/p>\n<p>ESTELA ARRIAGA<\/p>\n<p>Pdta. DIF Municipal SLP<\/p>\n<p>&nbsp;<\/p>\n<p>Destac\u00f3 la presidenta del DIF Municipal que por tercer a\u00f1o consecutivo se han entregado las p\u00f3lizas de seguro escolar y material educativo e inmobliario, en los seis centros educativos municipales.<\/p>\n<p>&nbsp;<\/p>\n<p>ESTELA ARRIAGA<\/p>\n<p>Pdta. DIF Municipal SLP<\/p>\n<p>&nbsp;<\/p>\n<p>En el marco de este evento se hizo entrega tambien del Sello de Garant\u00eda de Bienestar mismo que reconoce las acciones permanentes, para garantizar el desarrollo integral de los ni\u00f1os y ni\u00f1as.<\/p>\n<p>&nbsp;<\/p>\n<p>CYNTHIA LEYVA<\/p>\n<p>Madre de familia<\/p>\n<p>&nbsp;<\/p>\n<p>En su intervenci\u00f3n el alcalde destac\u00f3 que la matr\u00edcula escolar en los centros educativos del municipio ha mantenido un incremento y que dijo, es el reflejo de la confianza de los padres de familia hacia el sistema educativo municipal.<\/p>\n<p>&nbsp;<\/p>\n<p>ENRIQUE GALINDO CEBALLOS<\/p>\n<p>Pdte. Mpal. de San Luis Potos\u00ed<\/p>\n","protected":false},"excerpt":{"rendered":"<p>&nbsp; El gobierno capitalino dio el arranque al ciclo escolar 2026-2027 en los seis centros educativos del DIF municipal en donde se destac\u00f3 que la educaci\u00f3n inicial y preescolar, es fundamental para el desarrollo de la ni\u00f1ez. &nbsp; ESTELA ARRIAGA Pdta. DIF Municipal SLP &nbsp; Destac\u00f3 la presidenta del DIF Municipal que por tercer a\u00f1o consecutivo se han entregado las p\u00f3lizas de seguro escolar y material educativo e inmobliario, en los seis centros educativos municipales. &nbsp; ESTELA ARRIAGA Pdta. DIF Municipal SLP &nbsp; En el marco de este evento se hizo entrega tambien del Sello de Garant\u00eda de Bienestar mismo [&hellip;]<\/p>\n","protected":false},"author":2,"featured_media":213415,"comment_status":"closed","ping_status":"closed","sticky":false,"template":"","format":"video","meta":{"_monsterinsights_skip_tracking":false,"footnotes":""},"categories":[5,45],"tags":[],"class_list":["post-213413","post","type-post","status-publish","format-video","has-post-thumbnail","hentry","category-destacadas","category-localesyregionales","post_format-post-format-video","post--single"],"_links":{"self":[{"href":"https:\/\/canal7slp.tv\/2026\/wp-json\/wp\/v2\/posts\/213413","targetHints":{"allow":["GET"]}}],"collection":[{"href":"https:\/\/canal7slp.tv\/2026\/wp-json\/wp\/v2\/posts"}],"about":[{"href":"https:\/\/canal7slp.tv\/2026\/wp-json\/wp\/v2\/types\/post"}],"author":[{"embeddable":true,"href":"https:\/\/canal7slp.tv\/2026\/wp-json\/wp\/v2\/users\/2"}],"replies":[{"embeddable":true,"href":"https:\/\/canal7slp.tv\/2026\/wp-json\/wp\/v2\/comments?post=213413"}],"version-history":[{"count":1,"href":"https:\/\/canal7slp.tv\/2026\/wp-json\/wp\/v2\/posts\/213413\/revisions"}],"predecessor-version":[{"id":213416,"href":"https:\/\/canal7slp.tv\/2026\/wp-json\/wp\/v2\/posts\/213413\/revisions\/213416"}],"wp:featuredmedia":[{"embeddable":true,"href":"https:\/\/canal7slp.tv\/2026\/wp-json\/wp\/v2\/media\/213415"}],"wp:attachment":[{"href":"https:\/\/canal7slp.tv\/2026\/wp-json\/wp\/v2\/media?parent=213413"}],"wp:term":[{"taxonomy":"category","embeddable":true,"href":"https:\/\/canal7slp.tv\/2026\/wp-json\/wp\/v2\/categories?post=213413"},{"taxonomy":"post_tag","embeddable":true,"href":"https:\/\/canal7slp.tv\/2026\/wp-json\/wp\/v2\/tags?post=213413"}],"curies":[{"name":"wp","href":"https:\/\/api.w.org\/{rel}","templated":true}]}}