{"id":213392,"date":"2026-08-31T21:41:50","date_gmt":"2026-09-01T03:41:50","guid":{"rendered":"https:\/\/canal7slp.tv\/2026\/?p=213392"},"modified":"2026-08-31T21:41:50","modified_gmt":"2026-09-01T03:41:50","slug":"cae-menor-de-edad-de-motocicleta-en-movimiento-en-rioverde-le-trasladan-a-unidad-medica-especializada","status":"publish","type":"post","link":"https:\/\/canal7slp.tv\/2026\/cae-menor-de-edad-de-motocicleta-en-movimiento-en-rioverde-le-trasladan-a-unidad-medica-especializada\/","title":{"rendered":"Cae menor de edad de motocicleta en movimiento en Rioverde; le trasladan a Unidad M\u00e9dica Especializada"},"content":{"rendered":"<p style=\"text-align: justify;\">Rioverde, S.L.P.-<\/p>\n<p style=\"text-align: justify;\">Una adolescente de 16 a\u00f1os result\u00f3 lesionada durante el fin de semana tras caer de una motocicleta cuando viajaba como copiloto, en las inmediaciones del balneario El Capul\u00edn, en Rioverde.<\/p>\n<p style=\"text-align: justify;\">El reporte moviliz\u00f3 a param\u00e9dicos de Cruz Roja Mexicana, quienes acudieron al lugar para brindar atenci\u00f3n a la menor y realizar una valoraci\u00f3n inicial de su estado de salud.<\/p>\n<p style=\"text-align: justify;\">De acuerdo con el informe de los socorristas, la adolescente se encontraba policontundida y presentaba lesiones en el rostro, por lo que se determin\u00f3 necesario trasladarla a una unidad m\u00e9dica para recibir atenci\u00f3n especializada.<\/p>\n<p style=\"text-align: justify;\">La menor fue canalizada al Hospital General de Rioverde, donde qued\u00f3 bajo valoraci\u00f3n del personal m\u00e9dico para determinar la gravedad de las lesiones y el tratamiento correspondiente.<br \/>\nEste accidente forma parte de los hechos relacionados con motocicletas que fueron atendidos por los cuerpos de emergencia durante el fin de semana en Rioverde y que mantienen la preocupaci\u00f3n por la frecuencia de este tipo de percances.<\/p>\n<p style=\"text-align: justify;\">Por: X\u00f3chitl Morales Castro.<\/p>\n","protected":false},"excerpt":{"rendered":"<p>Rioverde, S.L.P.- Una adolescente de 16 a\u00f1os result\u00f3 lesionada durante el fin de semana tras caer de una motocicleta cuando viajaba como copiloto, en las inmediaciones del balneario El Capul\u00edn, en Rioverde. El reporte moviliz\u00f3 a param\u00e9dicos de Cruz Roja Mexicana, quienes acudieron al lugar para brindar atenci\u00f3n a la menor y realizar una valoraci\u00f3n inicial de su estado de salud. De acuerdo con el informe de los socorristas, la adolescente se encontraba policontundida y presentaba lesiones en el rostro, por lo que se determin\u00f3 necesario trasladarla a una unidad m\u00e9dica para recibir atenci\u00f3n especializada. La menor fue canalizada al [&hellip;]<\/p>\n","protected":false},"author":1,"featured_media":213393,"comment_status":"closed","ping_status":"closed","sticky":false,"template":"","format":"video","meta":{"_monsterinsights_skip_tracking":false,"footnotes":""},"categories":[5,43],"tags":[],"class_list":["post-213392","post","type-post","status-publish","format-video","has-post-thumbnail","hentry","category-destacadas","category-interior","post_format-post-format-video","post--single"],"_links":{"self":[{"href":"https:\/\/canal7slp.tv\/2026\/wp-json\/wp\/v2\/posts\/213392","targetHints":{"allow":["GET"]}}],"collection":[{"href":"https:\/\/canal7slp.tv\/2026\/wp-json\/wp\/v2\/posts"}],"about":[{"href":"https:\/\/canal7slp.tv\/2026\/wp-json\/wp\/v2\/types\/post"}],"author":[{"embeddable":true,"href":"https:\/\/canal7slp.tv\/2026\/wp-json\/wp\/v2\/users\/1"}],"replies":[{"embeddable":true,"href":"https:\/\/canal7slp.tv\/2026\/wp-json\/wp\/v2\/comments?post=213392"}],"version-history":[{"count":1,"href":"https:\/\/canal7slp.tv\/2026\/wp-json\/wp\/v2\/posts\/213392\/revisions"}],"predecessor-version":[{"id":213394,"href":"https:\/\/canal7slp.tv\/2026\/wp-json\/wp\/v2\/posts\/213392\/revisions\/213394"}],"wp:featuredmedia":[{"embeddable":true,"href":"https:\/\/canal7slp.tv\/2026\/wp-json\/wp\/v2\/media\/213393"}],"wp:attachment":[{"href":"https:\/\/canal7slp.tv\/2026\/wp-json\/wp\/v2\/media?parent=213392"}],"wp:term":[{"taxonomy":"category","embeddable":true,"href":"https:\/\/canal7slp.tv\/2026\/wp-json\/wp\/v2\/categories?post=213392"},{"taxonomy":"post_tag","embeddable":true,"href":"https:\/\/canal7slp.tv\/2026\/wp-json\/wp\/v2\/tags?post=213392"}],"curies":[{"name":"wp","href":"https:\/\/api.w.org\/{rel}","templated":true}]}}