{"id":213389,"date":"2026-08-31T21:36:18","date_gmt":"2026-09-01T03:36:18","guid":{"rendered":"https:\/\/canal7slp.tv\/2026\/?p=213389"},"modified":"2026-08-31T21:36:18","modified_gmt":"2026-09-01T03:36:18","slug":"mas-de-50-mil-alumnos-de-nivel-basico-regresaron-a-las-aulas-en-soledad-de-graciano-sanchez","status":"publish","type":"post","link":"https:\/\/canal7slp.tv\/2026\/mas-de-50-mil-alumnos-de-nivel-basico-regresaron-a-las-aulas-en-soledad-de-graciano-sanchez\/","title":{"rendered":"M\u00e1s de 50 mil alumnos de nivel b\u00e1sico regresaron a las aulas en Soledad de Graciano S\u00e1nchez"},"content":{"rendered":"<p style=\"text-align: justify;\">Ayuntamiento de Soledad de Graciano S\u00e1nchez realiz\u00f3 la entrega de infraestructura educativa durante el acto protocolario de regreso a clases para el ciclo escolar 2026-2027 en la Escuela Primaria Francisco Murgu\u00eda.<\/p>\n<p style=\"text-align: justify;\">Comenz\u00f3 el periodo escolar del ciclo 2026-2027 en el municipio de Soledad de Graciano S\u00e1nchez y mediante un acto protocolario, se entreg\u00f3 la rehabilitaci\u00f3n de la \u201cEscuela Primaria Francisco Murgu\u00eda\u201d.<\/p>\n<p style=\"text-align: justify;\">Fue la directora de Educaci\u00f3n y Acci\u00f3n C\u00edvica del ayuntamiento soledense, Velia Guadalupe Castro Granja quien habl\u00f3 al respecto.<\/p>\n<p style=\"text-align: justify;\">\u201cDimos inicio en la Francisco Murgu\u00eda, considerando que pues en esta instituci\u00f3n se tiene lo que es preescolar, primaria, secundaria y preparatoria\u201d.<\/p>\n<p style=\"text-align: justify;\">Indic\u00f3 que la cantidad de alumnos que regresa a ciclo escolar se estima en m\u00e1s de 50 mil educandos.<\/p>\n<p style=\"text-align: justify;\">\u201cNosotros cerramos el ciclo anterior con aproximadamente 56 mil alumnos en educaci\u00f3n b\u00e1sica, ahorita todav\u00eda no tenemos una cantidad como tal porque todav\u00eda estamos en procesos de inscripci\u00f3n (\u2026) esperamos m\u00e1s o menos considerar este ciclo 2026-2027 aproximadamente con la misma cantidad\u201d.<\/p>\n<p style=\"text-align: justify;\">Por su parte el edil, Juan Manuel Navarro Mu\u00f1iz, habl\u00f3 sobre la entrega de infraestructura en la escuela multigrado.<\/p>\n<p style=\"text-align: justify;\">\u201cEs una rehabilitaci\u00f3n integral aqu\u00ed en la Murgu\u00eda, bueno, es un edificio que alberga primaria, secundaria, jard\u00edn de ni\u00f1os, preparatoria (\u2026) que venimos a inaugurar el ciclo escolar, hicimos la entrega de los \u00fatiles, aparte de las nueva instalaciones\u201d.<\/p>\n<p style=\"text-align: justify;\">La obra ejecutada tuvo un costo de 13 millones de pesos en beneficio de mil 500 alumnos e incluy\u00f3 la construcci\u00f3n de seis salones, sanitarios, fachada principal y obras de rehabilitaci\u00f3n generales.<\/p>\n<p style=\"text-align: justify;\">\u201cUna rehabilitaci\u00f3n total de la escuela, le cambiamos la parte de la fachada, pero lo m\u00e1s importante es el interior, son aulas nuevas, mobiliario nuevo, donde tratamos de generar las condiciones para que los alumnos tengan un mejor aprendizaje\u201d.<\/p>\n<p style=\"text-align: justify;\">Asever\u00f3 que durante el arranque del ciclo escolar, se tuvo un saldo blanco gracias al operativo de seguridad vial generado por la Guardia Civil Municipal.<\/p>\n<p style=\"text-align: justify;\">\u201cPlaneamos hoy los operativos por el regreso a clases, d\u00e1ndoles seguridad, brindando protecci\u00f3n a los escolares que regresan, dando movilidad tambi\u00e9n en las avenidas principales para hacer un regreso \u00e1gil, seguro\u201d.<\/p>\n","protected":false},"excerpt":{"rendered":"<p>Ayuntamiento de Soledad de Graciano S\u00e1nchez realiz\u00f3 la entrega de infraestructura educativa durante el acto protocolario de regreso a clases para el ciclo escolar 2026-2027 en la Escuela Primaria Francisco Murgu\u00eda. Comenz\u00f3 el periodo escolar del ciclo 2026-2027 en el municipio de Soledad de Graciano S\u00e1nchez y mediante un acto protocolario, se entreg\u00f3 la rehabilitaci\u00f3n de la \u201cEscuela Primaria Francisco Murgu\u00eda\u201d. Fue la directora de Educaci\u00f3n y Acci\u00f3n C\u00edvica del ayuntamiento soledense, Velia Guadalupe Castro Granja quien habl\u00f3 al respecto. \u201cDimos inicio en la Francisco Murgu\u00eda, considerando que pues en esta instituci\u00f3n se tiene lo que es preescolar, primaria, secundaria [&hellip;]<\/p>\n","protected":false},"author":1,"featured_media":213390,"comment_status":"closed","ping_status":"closed","sticky":false,"template":"","format":"video","meta":{"_monsterinsights_skip_tracking":false,"footnotes":""},"categories":[512,5,45],"tags":[],"class_list":["post-213389","post","type-post","status-publish","format-video","has-post-thumbnail","hentry","category-ayosgs","category-destacadas","category-localesyregionales","post_format-post-format-video","post--single"],"_links":{"self":[{"href":"https:\/\/canal7slp.tv\/2026\/wp-json\/wp\/v2\/posts\/213389","targetHints":{"allow":["GET"]}}],"collection":[{"href":"https:\/\/canal7slp.tv\/2026\/wp-json\/wp\/v2\/posts"}],"about":[{"href":"https:\/\/canal7slp.tv\/2026\/wp-json\/wp\/v2\/types\/post"}],"author":[{"embeddable":true,"href":"https:\/\/canal7slp.tv\/2026\/wp-json\/wp\/v2\/users\/1"}],"replies":[{"embeddable":true,"href":"https:\/\/canal7slp.tv\/2026\/wp-json\/wp\/v2\/comments?post=213389"}],"version-history":[{"count":1,"href":"https:\/\/canal7slp.tv\/2026\/wp-json\/wp\/v2\/posts\/213389\/revisions"}],"predecessor-version":[{"id":213391,"href":"https:\/\/canal7slp.tv\/2026\/wp-json\/wp\/v2\/posts\/213389\/revisions\/213391"}],"wp:featuredmedia":[{"embeddable":true,"href":"https:\/\/canal7slp.tv\/2026\/wp-json\/wp\/v2\/media\/213390"}],"wp:attachment":[{"href":"https:\/\/canal7slp.tv\/2026\/wp-json\/wp\/v2\/media?parent=213389"}],"wp:term":[{"taxonomy":"category","embeddable":true,"href":"https:\/\/canal7slp.tv\/2026\/wp-json\/wp\/v2\/categories?post=213389"},{"taxonomy":"post_tag","embeddable":true,"href":"https:\/\/canal7slp.tv\/2026\/wp-json\/wp\/v2\/tags?post=213389"}],"curies":[{"name":"wp","href":"https:\/\/api.w.org\/{rel}","templated":true}]}}