{"id":213386,"date":"2026-08-31T21:30:01","date_gmt":"2026-09-01T03:30:01","guid":{"rendered":"https:\/\/canal7slp.tv\/2026\/?p=213386"},"modified":"2026-08-31T21:30:01","modified_gmt":"2026-09-01T03:30:01","slug":"presenta-somos-segunda-denuncia-ante-el-ceepac-por-posibles-actos-anticipados-de-campana","status":"publish","type":"post","link":"https:\/\/canal7slp.tv\/2026\/presenta-somos-segunda-denuncia-ante-el-ceepac-por-posibles-actos-anticipados-de-campana\/","title":{"rendered":"Presenta SOMOS segunda denuncia ante el CEEPAC por posibles actos anticipados de campa\u00f1a"},"content":{"rendered":"<p style=\"text-align: justify;\">El presidente de SOMOS en San Luis Potos\u00ed, Francisco Xavier Nava Palacios, entreg\u00f3 la segunda queja formal por presuntos actos anticipados de campa\u00f1a en las oficinas del Consejo Estatal Electoral y de Participaci\u00f3n Ciudadana (CEEPAC).<\/p>\n<p style=\"text-align: justify;\">Despu\u00e9s de arribar a las oficinas y entregar los documentos que acreditan su queja, el presidente estatal de SOMOS dio una declaraci\u00f3n al respecto.<\/p>\n<p style=\"text-align: justify;\">\u201cHay una acci\u00f3n reitera por parte de quienes est\u00e1n violentando el proceso electoral y est\u00e1n llevando a cabo actos anticipados de campa\u00f1a, precampa\u00f1a y no solamente eso, est\u00e1n abusando, en nuestra opini\u00f3n, de recursos p\u00fablicos, de estructuras de gobierno para poder posicionarse\u201d.<\/p>\n<p style=\"text-align: justify;\">Alicia V\u00e1zquez Mart\u00ednez, representante legal de SOMOS, habl\u00f3 sobre la denuncia presentada.<\/p>\n<p style=\"text-align: justify;\">\u201cEs una denuncia en contra de Juan Carlos Torres Cedillo por la realizaci\u00f3n de actos anticipados de campa\u00f1a, hubo un evento el 19 de agosto en donde estuvieron en Tamazunchale (\u2026) \u00e9l est\u00e1 hablando en una entrevista en donde comunica que pues est\u00e1 proyectando a la senadora Ruth Gonz\u00e1lez para ser gobernadora\u201d.<\/p>\n<p style=\"text-align: justify;\">Afirm\u00f3 que la denuncia fue correctamente integrada.<\/p>\n<p style=\"text-align: justify;\">\u201cCon los videos, las publicaciones, las notas period\u00edsticas que salen, todo eso est\u00e1 debidamente documentado, explicado, adem\u00e1s en una memoria USB, adjuntamos todo el material\u201d.<\/p>\n<p style=\"text-align: justify;\">SOMOS ha presentado ya dos quejas.<\/p>\n<p style=\"text-align: justify;\">Durante la visita, Xavier Nava consult\u00f3 el proceso de la primera denuncia.<\/p>\n<p style=\"text-align: justify;\">\u201cVenimos a preguntar acerca del status, queja que presentamos ya hace semanas, nos dicen que est\u00e1n certificando los hechos y bueno estaremos aqu\u00ed presentes para saber cu\u00e1l es ese status\u201d.<\/p>\n","protected":false},"excerpt":{"rendered":"<p>El presidente de SOMOS en San Luis Potos\u00ed, Francisco Xavier Nava Palacios, entreg\u00f3 la segunda queja formal por presuntos actos anticipados de campa\u00f1a en las oficinas del Consejo Estatal Electoral y de Participaci\u00f3n Ciudadana (CEEPAC). Despu\u00e9s de arribar a las oficinas y entregar los documentos que acreditan su queja, el presidente estatal de SOMOS dio una declaraci\u00f3n al respecto. \u201cHay una acci\u00f3n reitera por parte de quienes est\u00e1n violentando el proceso electoral y est\u00e1n llevando a cabo actos anticipados de campa\u00f1a, precampa\u00f1a y no solamente eso, est\u00e1n abusando, en nuestra opini\u00f3n, de recursos p\u00fablicos, de estructuras de gobierno para poder [&hellip;]<\/p>\n","protected":false},"author":1,"featured_media":213387,"comment_status":"closed","ping_status":"closed","sticky":false,"template":"","format":"video","meta":{"_monsterinsights_skip_tracking":false,"footnotes":""},"categories":[5,45],"tags":[],"class_list":["post-213386","post","type-post","status-publish","format-video","has-post-thumbnail","hentry","category-destacadas","category-localesyregionales","post_format-post-format-video","post--single"],"_links":{"self":[{"href":"https:\/\/canal7slp.tv\/2026\/wp-json\/wp\/v2\/posts\/213386","targetHints":{"allow":["GET"]}}],"collection":[{"href":"https:\/\/canal7slp.tv\/2026\/wp-json\/wp\/v2\/posts"}],"about":[{"href":"https:\/\/canal7slp.tv\/2026\/wp-json\/wp\/v2\/types\/post"}],"author":[{"embeddable":true,"href":"https:\/\/canal7slp.tv\/2026\/wp-json\/wp\/v2\/users\/1"}],"replies":[{"embeddable":true,"href":"https:\/\/canal7slp.tv\/2026\/wp-json\/wp\/v2\/comments?post=213386"}],"version-history":[{"count":1,"href":"https:\/\/canal7slp.tv\/2026\/wp-json\/wp\/v2\/posts\/213386\/revisions"}],"predecessor-version":[{"id":213388,"href":"https:\/\/canal7slp.tv\/2026\/wp-json\/wp\/v2\/posts\/213386\/revisions\/213388"}],"wp:featuredmedia":[{"embeddable":true,"href":"https:\/\/canal7slp.tv\/2026\/wp-json\/wp\/v2\/media\/213387"}],"wp:attachment":[{"href":"https:\/\/canal7slp.tv\/2026\/wp-json\/wp\/v2\/media?parent=213386"}],"wp:term":[{"taxonomy":"category","embeddable":true,"href":"https:\/\/canal7slp.tv\/2026\/wp-json\/wp\/v2\/categories?post=213386"},{"taxonomy":"post_tag","embeddable":true,"href":"https:\/\/canal7slp.tv\/2026\/wp-json\/wp\/v2\/tags?post=213386"}],"curies":[{"name":"wp","href":"https:\/\/api.w.org\/{rel}","templated":true}]}}