{"id":213373,"date":"2026-08-31T10:55:15","date_gmt":"2026-08-31T16:55:15","guid":{"rendered":"https:\/\/canal7slp.tv\/2026\/la-presidenta-de-la-republica-encabeza-la-ceremonia-oficial-de-inicio-del-ciclo-escolar-2024-2025\/"},"modified":"2026-08-31T10:55:24","modified_gmt":"2026-08-31T16:55:24","slug":"la-presidenta-de-la-republica-encabeza-la-ceremonia-oficial-de-inicio-del-ciclo-escolar-2024-2025","status":"publish","type":"post","link":"https:\/\/canal7slp.tv\/2026\/la-presidenta-de-la-republica-encabeza-la-ceremonia-oficial-de-inicio-del-ciclo-escolar-2024-2025\/","title":{"rendered":"La Presidenta de la Rep\u00fablica encabeza la ceremonia oficial de inicio del ciclo escolar 2024-2025"},"content":{"rendered":"<p>La presidenta de M\u00e9xico encabez\u00f3 este lunes la ceremonia oficial que marca el inicio del ciclo escolar, un evento de alto simbolismo que congrega a la comunidad educativa en un esfuerzo nacional por la consolidaci\u00f3n del sistema de ense\u00f1anza p\u00fablica. Durante el acto c\u00edvico, la mandataria reafirm\u00f3 el compromiso del Estado con la formaci\u00f3n integral de la juventud, subrayando que la educaci\u00f3n constituye el pilar fundamental sobre el cual se edifica el porvenir y la soberan\u00eda de la naci\u00f3n. Este despliegue institucional refleja la prioridad estrat\u00e9gica que la administraci\u00f3n otorga a la actualizaci\u00f3n pedag\u00f3gica y al fortalecimiento de los valores c\u00edvicos en el \u00e1mbito acad\u00e9mico. Ante una audiencia compuesta por estudiantes, docentes y autoridades, la Presidenta dirigi\u00f3 un mensaje motivacional a los ni\u00f1os, ni\u00f1as, adolescentes y j\u00f3venes que retomaron sus actividades acad\u00e9micas tras el periodo de receso. En su alocuci\u00f3n, enfatiz\u00f3 la importancia de la perseverancia, el pensamiento cr\u00edtico y la responsabilidad social como ejes rectores del proceso de aprendizaje. El discurso busc\u00f3 no solo establecer una hoja de ruta para el presente periodo lectivo, sino tambi\u00e9n inspirar a las nuevas generaciones a convertirse en ciudadanos capaces de contribuir activamente al bienestar colectivo y al progreso sostenible del pa\u00eds. Con este arranque formal, las autoridades educativas inician una fase de trabajo coordinado destinada a garantizar la cobertura y la calidad en los centros de ense\u00f1anza a lo largo del territorio nacional. La ceremonia concluy\u00f3 con un llamado a la unidad de toda la comunidad escolar para enfrentar los desaf\u00edos contempor\u00e1neos, consolidando as\u00ed un proyecto educativo que pretende reducir las brechas de desigualdad y fomentar la excelencia acad\u00e9mica como herramientas imprescindibles para el desarrollo integral del tejido social mexicano.<\/p>\n","protected":false},"excerpt":{"rendered":"<p>La presidenta de M\u00e9xico encabez\u00f3 este lunes la ceremonia oficial que marca el inicio del ciclo escolar, un evento de alto simbolismo que congrega a la comunidad educativa en un esfuerzo nacional por la consolidaci\u00f3n del sistema de ense\u00f1anza p\u00fablica. Durante el acto c\u00edvico, la mandataria reafirm\u00f3 el compromiso del Estado con la formaci\u00f3n integral de la juventud, subrayando que la educaci\u00f3n constituye el pilar fundamental sobre el cual se edifica el porvenir y la soberan\u00eda de la naci\u00f3n. Este despliegue institucional refleja la prioridad estrat\u00e9gica que la administraci\u00f3n otorga a la actualizaci\u00f3n pedag\u00f3gica y al fortalecimiento de los valores [&hellip;]<\/p>\n","protected":false},"author":2,"featured_media":213374,"comment_status":"closed","ping_status":"","sticky":false,"template":"","format":"standard","meta":{"_monsterinsights_skip_tracking":false,"footnotes":""},"categories":[46],"tags":[],"class_list":["post-213373","post","type-post","status-publish","format-standard","has-post-thumbnail","hentry","category-nacional","post--single"],"_links":{"self":[{"href":"https:\/\/canal7slp.tv\/2026\/wp-json\/wp\/v2\/posts\/213373","targetHints":{"allow":["GET"]}}],"collection":[{"href":"https:\/\/canal7slp.tv\/2026\/wp-json\/wp\/v2\/posts"}],"about":[{"href":"https:\/\/canal7slp.tv\/2026\/wp-json\/wp\/v2\/types\/post"}],"author":[{"embeddable":true,"href":"https:\/\/canal7slp.tv\/2026\/wp-json\/wp\/v2\/users\/2"}],"replies":[{"embeddable":true,"href":"https:\/\/canal7slp.tv\/2026\/wp-json\/wp\/v2\/comments?post=213373"}],"version-history":[{"count":1,"href":"https:\/\/canal7slp.tv\/2026\/wp-json\/wp\/v2\/posts\/213373\/revisions"}],"predecessor-version":[{"id":213375,"href":"https:\/\/canal7slp.tv\/2026\/wp-json\/wp\/v2\/posts\/213373\/revisions\/213375"}],"wp:featuredmedia":[{"embeddable":true,"href":"https:\/\/canal7slp.tv\/2026\/wp-json\/wp\/v2\/media\/213374"}],"wp:attachment":[{"href":"https:\/\/canal7slp.tv\/2026\/wp-json\/wp\/v2\/media?parent=213373"}],"wp:term":[{"taxonomy":"category","embeddable":true,"href":"https:\/\/canal7slp.tv\/2026\/wp-json\/wp\/v2\/categories?post=213373"},{"taxonomy":"post_tag","embeddable":true,"href":"https:\/\/canal7slp.tv\/2026\/wp-json\/wp\/v2\/tags?post=213373"}],"curies":[{"name":"wp","href":"https:\/\/api.w.org\/{rel}","templated":true}]}}