{"id":213370,"date":"2026-08-31T10:54:35","date_gmt":"2026-08-31T16:54:35","guid":{"rendered":"https:\/\/canal7slp.tv\/2026\/lionel-messi-oficializa-su-decision-de-finalizar-su-trayectoria-en-el-combinado-nacional\/"},"modified":"2026-08-31T10:54:46","modified_gmt":"2026-08-31T16:54:46","slug":"lionel-messi-oficializa-su-decision-de-finalizar-su-trayectoria-en-el-combinado-nacional","status":"publish","type":"post","link":"https:\/\/canal7slp.tv\/2026\/lionel-messi-oficializa-su-decision-de-finalizar-su-trayectoria-en-el-combinado-nacional\/","title":{"rendered":"Lionel Messi oficializa su decisi\u00f3n de finalizar su trayectoria en el combinado nacional"},"content":{"rendered":"<p>La presente comunicaci\u00f3n tiene como prop\u00f3sito informar a la opini\u00f3n p\u00fablica sobre el anuncio formal realizado por el deportista Lionel Messi respecto a su decisi\u00f3n de finalizar su trayectoria como integrante de la Selecci\u00f3n Nacional de Argentina. A trav\u00e9s de un mensaje difundido en sus canales oficiales, el jugador ha expresado su voluntad de culminar su ciclo en el representativo nacional, marcando as\u00ed el cierre de una etapa significativa en la historia del deporte de nuestro pa\u00eds. La instituci\u00f3n reconoce la relevancia de su desempe\u00f1o y el impacto que su participaci\u00f3n ha tenido en el \u00e1mbito deportivo internacional. Esta determinaci\u00f3n, comunicada con car\u00e1cter definitivo, representa un hito de especial consideraci\u00f3n para la afici\u00f3n y para todos los sectores vinculados a la actividad f\u00edsica y el rendimiento de alto nivel. Se hace constar que los motivos expuestos por el deportista reflejan una decisi\u00f3n de car\u00e1cter personal y reflexivo, la cual ha sido transmitida con el respeto que la investidura de su trayectoria amerita. El organismo competente agradece la dedicaci\u00f3n y el profesionalismo exhibidos a lo largo de los a\u00f1os en los que el futbolista ha portado los colores nacionales, contribuyendo de manera destacada a la proyecci\u00f3n de la identidad deportiva argentina en los diversos cert\u00e1menes internacionales en los que ha tenido participaci\u00f3n.<\/p>\n","protected":false},"excerpt":{"rendered":"<p>La presente comunicaci\u00f3n tiene como prop\u00f3sito informar a la opini\u00f3n p\u00fablica sobre el anuncio formal realizado por el deportista Lionel Messi respecto a su decisi\u00f3n de finalizar su trayectoria como integrante de la Selecci\u00f3n Nacional de Argentina. A trav\u00e9s de un mensaje difundido en sus canales oficiales, el jugador ha expresado su voluntad de culminar su ciclo en el representativo nacional, marcando as\u00ed el cierre de una etapa significativa en la historia del deporte de nuestro pa\u00eds. La instituci\u00f3n reconoce la relevancia de su desempe\u00f1o y el impacto que su participaci\u00f3n ha tenido en el \u00e1mbito deportivo internacional. Esta determinaci\u00f3n, [&hellip;]<\/p>\n","protected":false},"author":2,"featured_media":213371,"comment_status":"closed","ping_status":"","sticky":false,"template":"","format":"standard","meta":{"_monsterinsights_skip_tracking":false,"footnotes":""},"categories":[7],"tags":[],"class_list":["post-213370","post","type-post","status-publish","format-standard","has-post-thumbnail","hentry","category-deportes","post--single"],"_links":{"self":[{"href":"https:\/\/canal7slp.tv\/2026\/wp-json\/wp\/v2\/posts\/213370","targetHints":{"allow":["GET"]}}],"collection":[{"href":"https:\/\/canal7slp.tv\/2026\/wp-json\/wp\/v2\/posts"}],"about":[{"href":"https:\/\/canal7slp.tv\/2026\/wp-json\/wp\/v2\/types\/post"}],"author":[{"embeddable":true,"href":"https:\/\/canal7slp.tv\/2026\/wp-json\/wp\/v2\/users\/2"}],"replies":[{"embeddable":true,"href":"https:\/\/canal7slp.tv\/2026\/wp-json\/wp\/v2\/comments?post=213370"}],"version-history":[{"count":1,"href":"https:\/\/canal7slp.tv\/2026\/wp-json\/wp\/v2\/posts\/213370\/revisions"}],"predecessor-version":[{"id":213372,"href":"https:\/\/canal7slp.tv\/2026\/wp-json\/wp\/v2\/posts\/213370\/revisions\/213372"}],"wp:featuredmedia":[{"embeddable":true,"href":"https:\/\/canal7slp.tv\/2026\/wp-json\/wp\/v2\/media\/213371"}],"wp:attachment":[{"href":"https:\/\/canal7slp.tv\/2026\/wp-json\/wp\/v2\/media?parent=213370"}],"wp:term":[{"taxonomy":"category","embeddable":true,"href":"https:\/\/canal7slp.tv\/2026\/wp-json\/wp\/v2\/categories?post=213370"},{"taxonomy":"post_tag","embeddable":true,"href":"https:\/\/canal7slp.tv\/2026\/wp-json\/wp\/v2\/tags?post=213370"}],"curies":[{"name":"wp","href":"https:\/\/api.w.org\/{rel}","templated":true}]}}