{"id":213364,"date":"2026-08-31T10:51:53","date_gmt":"2026-08-31T16:51:53","guid":{"rendered":"https:\/\/canal7slp.tv\/2026\/?p=213364"},"modified":"2026-08-31T10:51:53","modified_gmt":"2026-08-31T16:51:53","slug":"reduce-formalidad-acorde-avanza-la-edad-en-america-latina","status":"publish","type":"post","link":"https:\/\/canal7slp.tv\/2026\/reduce-formalidad-acorde-avanza-la-edad-en-america-latina\/","title":{"rendered":"Reduce formalidad acorde avanza la edad en Am\u00e9rica Latina"},"content":{"rendered":"<p style=\"text-align: justify;\">La formalidad laboral redujo entre 15 y 30 por ciento en Am\u00e9rica Latina, entre poblaci\u00f3n mayor de 50 a\u00f1os.<\/p>\n<p style=\"text-align: justify;\">Ello representa un reto para sistemas pensionarios de la regi\u00f3n.<\/p>\n<p style=\"text-align: justify;\">Disminuyen cotizaciones para el retiro en la etapa final de la vida laboral.<\/p>\n<p style=\"text-align: justify;\">As\u00ed lo revel\u00f3 un estudio de la Federaci\u00f3n Internacional de Administradoras de Fondos de Pensiones (FIAP).<\/p>\n<p style=\"text-align: justify;\">Entre los 50 y 75 a\u00f1os, la participaci\u00f3n laboral disminuye de cinco a 15 por ciento, mientras la formalidad laboral cae entre 15 y 30 por ciento.<\/p>\n<p style=\"text-align: justify;\">Es muestra de que una parte importante de las personas contin\u00faa en el mercado laboral conforme avanza su edad -incluso alrededor de la edad legal de jubilaci\u00f3n.<\/p>\n<p style=\"text-align: justify;\">Pero cada vez menos lo hace desde empleos que generan cotizaciones para el retiro.<\/p>\n<p style=\"text-align: justify;\">Se ha enfatizado que la ca\u00edda del empleo formal se concentra en trabajadores de menor educaci\u00f3n y es m\u00e1s aguda para las mujeres.<\/p>\n<p style=\"text-align: justify;\">En el caso de pa\u00edses con instituciones laborales de mayor alcance -como Chile, M\u00e9xico y Uruguay- la disminuci\u00f3n de la formalidad es gradual.<\/p>\n<p style=\"text-align: justify;\">Se observa en reducciones de horas laboradas, m\u00e1s que en una salida total del mercado laboral o de la formalidad.<\/p>\n","protected":false},"excerpt":{"rendered":"<p>La formalidad laboral redujo entre 15 y 30 por ciento en Am\u00e9rica Latina, entre poblaci\u00f3n mayor de 50 a\u00f1os. Ello representa un reto para sistemas pensionarios de la regi\u00f3n. Disminuyen cotizaciones para el retiro en la etapa final de la vida laboral. As\u00ed lo revel\u00f3 un estudio de la Federaci\u00f3n Internacional de Administradoras de Fondos de Pensiones (FIAP). Entre los 50 y 75 a\u00f1os, la participaci\u00f3n laboral disminuye de cinco a 15 por ciento, mientras la formalidad laboral cae entre 15 y 30 por ciento. Es muestra de que una parte importante de las personas contin\u00faa en el mercado laboral [&hellip;]<\/p>\n","protected":false},"author":2,"featured_media":213365,"comment_status":"closed","ping_status":"closed","sticky":false,"template":"","format":"video","meta":{"_monsterinsights_skip_tracking":false,"footnotes":""},"categories":[5,46],"tags":[],"class_list":["post-213364","post","type-post","status-publish","format-video","has-post-thumbnail","hentry","category-destacadas","category-nacional","post_format-post-format-video","post--single"],"_links":{"self":[{"href":"https:\/\/canal7slp.tv\/2026\/wp-json\/wp\/v2\/posts\/213364","targetHints":{"allow":["GET"]}}],"collection":[{"href":"https:\/\/canal7slp.tv\/2026\/wp-json\/wp\/v2\/posts"}],"about":[{"href":"https:\/\/canal7slp.tv\/2026\/wp-json\/wp\/v2\/types\/post"}],"author":[{"embeddable":true,"href":"https:\/\/canal7slp.tv\/2026\/wp-json\/wp\/v2\/users\/2"}],"replies":[{"embeddable":true,"href":"https:\/\/canal7slp.tv\/2026\/wp-json\/wp\/v2\/comments?post=213364"}],"version-history":[{"count":1,"href":"https:\/\/canal7slp.tv\/2026\/wp-json\/wp\/v2\/posts\/213364\/revisions"}],"predecessor-version":[{"id":213366,"href":"https:\/\/canal7slp.tv\/2026\/wp-json\/wp\/v2\/posts\/213364\/revisions\/213366"}],"wp:featuredmedia":[{"embeddable":true,"href":"https:\/\/canal7slp.tv\/2026\/wp-json\/wp\/v2\/media\/213365"}],"wp:attachment":[{"href":"https:\/\/canal7slp.tv\/2026\/wp-json\/wp\/v2\/media?parent=213364"}],"wp:term":[{"taxonomy":"category","embeddable":true,"href":"https:\/\/canal7slp.tv\/2026\/wp-json\/wp\/v2\/categories?post=213364"},{"taxonomy":"post_tag","embeddable":true,"href":"https:\/\/canal7slp.tv\/2026\/wp-json\/wp\/v2\/tags?post=213364"}],"curies":[{"name":"wp","href":"https:\/\/api.w.org\/{rel}","templated":true}]}}