{"id":213361,"date":"2026-08-31T10:43:35","date_gmt":"2026-08-31T16:43:35","guid":{"rendered":"https:\/\/canal7slp.tv\/2026\/?p=213361"},"modified":"2026-08-31T10:43:35","modified_gmt":"2026-08-31T16:43:35","slug":"exige-voz-y-dignidad-por-los-nuestros-slp-memorial-para-victimas-de-desaparicion","status":"publish","type":"post","link":"https:\/\/canal7slp.tv\/2026\/exige-voz-y-dignidad-por-los-nuestros-slp-memorial-para-victimas-de-desaparicion\/","title":{"rendered":"Exige Voz y Dignidad por los Nuestros SLP, memorial para v\u00edctimas de desaparici\u00f3n"},"content":{"rendered":"<p style=\"text-align: justify;\">Integrantes de la Asociaci\u00f3n Voz y Dignidad por los Nuestros San Luis Potos\u00ed, colocaron frente el Santuario de Guadalupe, fichas de b\u00fasqueda, encabezaron un acto de homenaje y compartieron un mensaje para aquellos que faltan -con la exigencia de un memorial-.<\/p>\n<p style=\"text-align: justify;\">Ello, en el marco del D\u00eda Internacional de las V\u00edctimas de Desaparici\u00f3n Forzada y cuando se advierten m\u00e1s de 140 zonas de exterminio registradas en la demarcaci\u00f3n -independientemente de alrededor de las mil 500 personas con fichas de b\u00fasqueda-.<\/p>\n<p style=\"text-align: justify;\">La presidenta de la asociaci\u00f3n, Edith P\u00e9rez Rodr\u00edguez se refiri\u00f3 a la lucha de vida que cada familia mantiene, sin dar un paso atr\u00e1s cuando se trata de sus seres queridos.<\/p>\n<p style=\"text-align: justify;\">Los presentes se unieron a la celebraci\u00f3n de una misa en el Santuario, con la misi\u00f3n permanente de verdad y justicia.<\/p>\n","protected":false},"excerpt":{"rendered":"<p>Integrantes de la Asociaci\u00f3n Voz y Dignidad por los Nuestros San Luis Potos\u00ed, colocaron frente el Santuario de Guadalupe, fichas de b\u00fasqueda, encabezaron un acto de homenaje y compartieron un mensaje para aquellos que faltan -con la exigencia de un memorial-. Ello, en el marco del D\u00eda Internacional de las V\u00edctimas de Desaparici\u00f3n Forzada y cuando se advierten m\u00e1s de 140 zonas de exterminio registradas en la demarcaci\u00f3n -independientemente de alrededor de las mil 500 personas con fichas de b\u00fasqueda-. La presidenta de la asociaci\u00f3n, Edith P\u00e9rez Rodr\u00edguez se refiri\u00f3 a la lucha de vida que cada familia mantiene, sin [&hellip;]<\/p>\n","protected":false},"author":2,"featured_media":213362,"comment_status":"closed","ping_status":"closed","sticky":false,"template":"","format":"video","meta":{"_monsterinsights_skip_tracking":false,"footnotes":""},"categories":[5,45],"tags":[],"class_list":["post-213361","post","type-post","status-publish","format-video","has-post-thumbnail","hentry","category-destacadas","category-localesyregionales","post_format-post-format-video","post--single"],"_links":{"self":[{"href":"https:\/\/canal7slp.tv\/2026\/wp-json\/wp\/v2\/posts\/213361","targetHints":{"allow":["GET"]}}],"collection":[{"href":"https:\/\/canal7slp.tv\/2026\/wp-json\/wp\/v2\/posts"}],"about":[{"href":"https:\/\/canal7slp.tv\/2026\/wp-json\/wp\/v2\/types\/post"}],"author":[{"embeddable":true,"href":"https:\/\/canal7slp.tv\/2026\/wp-json\/wp\/v2\/users\/2"}],"replies":[{"embeddable":true,"href":"https:\/\/canal7slp.tv\/2026\/wp-json\/wp\/v2\/comments?post=213361"}],"version-history":[{"count":1,"href":"https:\/\/canal7slp.tv\/2026\/wp-json\/wp\/v2\/posts\/213361\/revisions"}],"predecessor-version":[{"id":213363,"href":"https:\/\/canal7slp.tv\/2026\/wp-json\/wp\/v2\/posts\/213361\/revisions\/213363"}],"wp:featuredmedia":[{"embeddable":true,"href":"https:\/\/canal7slp.tv\/2026\/wp-json\/wp\/v2\/media\/213362"}],"wp:attachment":[{"href":"https:\/\/canal7slp.tv\/2026\/wp-json\/wp\/v2\/media?parent=213361"}],"wp:term":[{"taxonomy":"category","embeddable":true,"href":"https:\/\/canal7slp.tv\/2026\/wp-json\/wp\/v2\/categories?post=213361"},{"taxonomy":"post_tag","embeddable":true,"href":"https:\/\/canal7slp.tv\/2026\/wp-json\/wp\/v2\/tags?post=213361"}],"curies":[{"name":"wp","href":"https:\/\/api.w.org\/{rel}","templated":true}]}}