{"id":213358,"date":"2026-08-31T10:38:05","date_gmt":"2026-08-31T16:38:05","guid":{"rendered":"https:\/\/canal7slp.tv\/2026\/?p=213358"},"modified":"2026-08-31T10:38:05","modified_gmt":"2026-08-31T16:38:05","slug":"en-proceso-licitacion-de-obra-de-ampliacion-del-eje-140","status":"publish","type":"post","link":"https:\/\/canal7slp.tv\/2026\/en-proceso-licitacion-de-obra-de-ampliacion-del-eje-140\/","title":{"rendered":"En proceso, licitaci\u00f3n de obra de ampliaci\u00f3n del Eje 140"},"content":{"rendered":"<div style=\"text-align: justify;\">AUTOR: CLAUDIO IBARRA<\/div>\n<div style=\"text-align: justify;\"><\/div>\n<div style=\"text-align: justify;\">Para ampliar la movilidad en el eje 140 el presidente municipal Enrique Galindo Ceballos dio a conocer que su licitaci\u00f3n est\u00e1 en proceso, y que la obra arrancar\u00e1 dentro de tres \u00f3 cuatro semanas.<\/div>\n<div style=\"text-align: justify;\"><\/div>\n<div style=\"text-align: justify;\">Al decir que esta intervenci\u00f3n tendr\u00e1 una inversi\u00f3n cercana a los 180 millones de pesos se\u00f1al\u00f3 que la Uni\u00f3n de Usuarios de la Zona Industrial, ya hab\u00eda advertido del desgaste f\u00edsico y deterioro adem\u00e1s de los problemas de movilidad en esta zona.<\/div>\n<div style=\"text-align: justify;\"><\/div>\n<div style=\"text-align: justify;\">Asimismo, el edil capitalino afirm\u00f3 que esta obra se perfila como una de las principales respuestas al rezago vial que enfrenta esta zona estrat\u00e9gica para la econom\u00eda.<\/div>\n<div style=\"text-align: justify;\"><\/div>\n<div style=\"text-align: justify;\">Reiter\u00f3 que el desgaste f\u00edsico y los problemas de movilidad en esta zona son las principales causas por las que el eje 140 ser\u00e1 intervenido, al recordar que hace dos a\u00f1os ya hab\u00eda sido pavimentado.<\/div>\n","protected":false},"excerpt":{"rendered":"<p>AUTOR: CLAUDIO IBARRA Para ampliar la movilidad en el eje 140 el presidente municipal Enrique Galindo Ceballos dio a conocer que su licitaci\u00f3n est\u00e1 en proceso, y que la obra arrancar\u00e1 dentro de tres \u00f3 cuatro semanas. Al decir que esta intervenci\u00f3n tendr\u00e1 una inversi\u00f3n cercana a los 180 millones de pesos se\u00f1al\u00f3 que la Uni\u00f3n de Usuarios de la Zona Industrial, ya hab\u00eda advertido del desgaste f\u00edsico y deterioro adem\u00e1s de los problemas de movilidad en esta zona. Asimismo, el edil capitalino afirm\u00f3 que esta obra se perfila como una de las principales respuestas al rezago vial que enfrenta [&hellip;]<\/p>\n","protected":false},"author":2,"featured_media":213359,"comment_status":"closed","ping_status":"closed","sticky":false,"template":"","format":"video","meta":{"_monsterinsights_skip_tracking":false,"footnotes":""},"categories":[5,45],"tags":[],"class_list":["post-213358","post","type-post","status-publish","format-video","has-post-thumbnail","hentry","category-destacadas","category-localesyregionales","post_format-post-format-video","post--single"],"_links":{"self":[{"href":"https:\/\/canal7slp.tv\/2026\/wp-json\/wp\/v2\/posts\/213358","targetHints":{"allow":["GET"]}}],"collection":[{"href":"https:\/\/canal7slp.tv\/2026\/wp-json\/wp\/v2\/posts"}],"about":[{"href":"https:\/\/canal7slp.tv\/2026\/wp-json\/wp\/v2\/types\/post"}],"author":[{"embeddable":true,"href":"https:\/\/canal7slp.tv\/2026\/wp-json\/wp\/v2\/users\/2"}],"replies":[{"embeddable":true,"href":"https:\/\/canal7slp.tv\/2026\/wp-json\/wp\/v2\/comments?post=213358"}],"version-history":[{"count":1,"href":"https:\/\/canal7slp.tv\/2026\/wp-json\/wp\/v2\/posts\/213358\/revisions"}],"predecessor-version":[{"id":213360,"href":"https:\/\/canal7slp.tv\/2026\/wp-json\/wp\/v2\/posts\/213358\/revisions\/213360"}],"wp:featuredmedia":[{"embeddable":true,"href":"https:\/\/canal7slp.tv\/2026\/wp-json\/wp\/v2\/media\/213359"}],"wp:attachment":[{"href":"https:\/\/canal7slp.tv\/2026\/wp-json\/wp\/v2\/media?parent=213358"}],"wp:term":[{"taxonomy":"category","embeddable":true,"href":"https:\/\/canal7slp.tv\/2026\/wp-json\/wp\/v2\/categories?post=213358"},{"taxonomy":"post_tag","embeddable":true,"href":"https:\/\/canal7slp.tv\/2026\/wp-json\/wp\/v2\/tags?post=213358"}],"curies":[{"name":"wp","href":"https:\/\/api.w.org\/{rel}","templated":true}]}}