{"id":212952,"date":"2026-08-30T09:00:51","date_gmt":"2026-08-30T15:00:51","guid":{"rendered":"https:\/\/canal7slp.tv\/2026\/?p=212952"},"modified":"2026-08-28T13:44:55","modified_gmt":"2026-08-28T19:44:55","slug":"actos-de-vandalismo-afectan-alumbrado-publico-en-la-capital-servicios-municipales","status":"publish","type":"post","link":"https:\/\/canal7slp.tv\/2026\/actos-de-vandalismo-afectan-alumbrado-publico-en-la-capital-servicios-municipales\/","title":{"rendered":"Actos de vandalismo afectan alumbrado p\u00fablico en la capital: Servicios Municipales"},"content":{"rendered":"<p style=\"text-align: justify;\">SLP.- En fechas recientes se han suscitado una serie de actos de vandalismo contra la infraestructura del alumbrado p\u00fablico en diversos puntos de la ciudad de San Luis Potos\u00ed.<\/p>\n<p style=\"text-align: justify;\">El director de Servicios Municipales del ayuntamiento capitalino, Christian Azuara Azuara, ofreci\u00f3 su postura.<\/p>\n<p style=\"text-align: justify;\">\u201cDonde marcaban Carranza que estaba destellando, fue por un corte, la verdad que s\u00ed fue una buena parte de da\u00f1o pero ni siquiera fue un robo, solamente cortaron el tema del cableado, nos pas\u00f3 los mismo en San Sebasti\u00e1n, nos pas\u00f3 lo mismo en Cordillera Real, ten\u00edamos una sema de poderlo inaugurar y tambi\u00e9n nos hicieron corte\u201d.<\/p>\n<p style=\"text-align: justify;\">Y es que los robos de cableado no son tan comunes, sin embargo, se a\u00fan se presentan.<\/p>\n<p style=\"text-align: justify;\">\u201cFue en 20 de Noviembre (\u2026) tiene como tres o cuatro d\u00edas que nos report\u00f3 la ciudadan\u00eda a trav\u00e9s del whatsapp del alcalde, el alcalde nos lo manda, mando inmediatamente personal y nos percatamos que faltaba tres o cuatro metros de cableado\u201d.<\/p>\n<p style=\"text-align: justify;\">Las acciones negativas se han registrado tambi\u00e9n en contra de los juegos inflables del denominado Aqua Fest 2026, ubicado al interior del Parque Juan H. S\u00e1nchez o parque de Morales.<\/p>\n<p style=\"text-align: justify;\">\u201cLa verdad es que el parque de Morales ten\u00eda m\u00e1s de dos a\u00f1os que no ten\u00edamos alg\u00fan tipo de vandalismo y no lo existe en el cableado (\u2026) aun as\u00ed que entraron a poder da\u00f1ar los inflables, no fue as\u00ed el alumbrado, esto quiere decir que fue dirigido el da\u00f1o a los inflables, fue dirigido\u201d.<\/p>\n<p style=\"text-align: justify;\">Explic\u00f3 que seg\u00fan lo que le comunic\u00f3 el director de Deporte Municipal, en el parque de diversiones se pincharon de manera intencionada, cuatro atracciones.<\/p>\n<p style=\"text-align: justify;\">\u201cLo que \u00e9l marca en la comunicaci\u00f3n fueron alrededor de cuatro o cinco si no mal recuerdo\u201d.<\/p>\n<p>Por: Juan Carlos Contreras<\/p>\n","protected":false},"excerpt":{"rendered":"<p>SLP.- En fechas recientes se han suscitado una serie de actos de vandalismo contra la infraestructura del alumbrado p\u00fablico en diversos puntos de la ciudad de San Luis Potos\u00ed. El director de Servicios Municipales del ayuntamiento capitalino, Christian Azuara Azuara, ofreci\u00f3 su postura. \u201cDonde marcaban Carranza que estaba destellando, fue por un corte, la verdad que s\u00ed fue una buena parte de da\u00f1o pero ni siquiera fue un robo, solamente cortaron el tema del cableado, nos pas\u00f3 los mismo en San Sebasti\u00e1n, nos pas\u00f3 lo mismo en Cordillera Real, ten\u00edamos una sema de poderlo inaugurar y tambi\u00e9n nos hicieron corte\u201d. [&hellip;]<\/p>\n","protected":false},"author":2,"featured_media":213067,"comment_status":"closed","ping_status":"closed","sticky":false,"template":"","format":"video","meta":{"_monsterinsights_skip_tracking":false,"footnotes":""},"categories":[5,45],"tags":[],"class_list":["post-212952","post","type-post","status-publish","format-video","has-post-thumbnail","hentry","category-destacadas","category-localesyregionales","post_format-post-format-video","post--single"],"_links":{"self":[{"href":"https:\/\/canal7slp.tv\/2026\/wp-json\/wp\/v2\/posts\/212952","targetHints":{"allow":["GET"]}}],"collection":[{"href":"https:\/\/canal7slp.tv\/2026\/wp-json\/wp\/v2\/posts"}],"about":[{"href":"https:\/\/canal7slp.tv\/2026\/wp-json\/wp\/v2\/types\/post"}],"author":[{"embeddable":true,"href":"https:\/\/canal7slp.tv\/2026\/wp-json\/wp\/v2\/users\/2"}],"replies":[{"embeddable":true,"href":"https:\/\/canal7slp.tv\/2026\/wp-json\/wp\/v2\/comments?post=212952"}],"version-history":[{"count":3,"href":"https:\/\/canal7slp.tv\/2026\/wp-json\/wp\/v2\/posts\/212952\/revisions"}],"predecessor-version":[{"id":213192,"href":"https:\/\/canal7slp.tv\/2026\/wp-json\/wp\/v2\/posts\/212952\/revisions\/213192"}],"wp:featuredmedia":[{"embeddable":true,"href":"https:\/\/canal7slp.tv\/2026\/wp-json\/wp\/v2\/media\/213067"}],"wp:attachment":[{"href":"https:\/\/canal7slp.tv\/2026\/wp-json\/wp\/v2\/media?parent=212952"}],"wp:term":[{"taxonomy":"category","embeddable":true,"href":"https:\/\/canal7slp.tv\/2026\/wp-json\/wp\/v2\/categories?post=212952"},{"taxonomy":"post_tag","embeddable":true,"href":"https:\/\/canal7slp.tv\/2026\/wp-json\/wp\/v2\/tags?post=212952"}],"curies":[{"name":"wp","href":"https:\/\/api.w.org\/{rel}","templated":true}]}}