{"id":200470,"date":"2026-05-01T17:38:15","date_gmt":"2026-05-01T23:38:15","guid":{"rendered":"https:\/\/canal7slp.tv\/2026\/?p=200470"},"modified":"2026-05-01T17:38:15","modified_gmt":"2026-05-01T23:38:15","slug":"cambios-en-la-dirigencia-nacional-de-morena-son-solo-relevos-generacionales-afirma-consejero-estatal","status":"publish","type":"post","link":"https:\/\/canal7slp.tv\/2026\/cambios-en-la-dirigencia-nacional-de-morena-son-solo-relevos-generacionales-afirma-consejero-estatal\/","title":{"rendered":"Cambios en la dirigencia nacional de MORENA son solo relevos generacionales, afirma consejero estatal"},"content":{"rendered":"<p style=\"text-align: justify;\"><span style=\"font-size: 1.21429rem;\">SLP.- Para el consejero estatal de MORENA Carlos Arreola los recientes cambios en la dirigencia nacional de este partido, solo significan un relevo generacional y no una divisi\u00f3n al interior de este instituto pol\u00edtico.<\/span><\/p>\n<p style=\"text-align: justify;\">Opin\u00f3 que la integraci\u00f3n de su ahora exdirigente Luisa Mar\u00eda Alcalde al gabinete de la presidenta Claudia Sheinbaum Pardo como titular de la Consejer\u00eda Jur\u00eddica de la presidencia, es un alto cargo porque significa ser la representante legal de la naci\u00f3n y de la presidenta.<\/p>\n<p style=\"text-align: justify;\">El morenista opin\u00f3 que Luis Mar\u00eda Alcalde cumpli\u00f3 una labor importante como dirigente nacional de MORENA, al afirmar que se trata de una profesional con experiencia en cargos clave como la secretar\u00eda de Gobernaci\u00f3n y la secretar\u00eda del Trabajo, dentro del gabinete federal.<\/p>\n<p style=\"text-align: justify;\">Por: Claudio Ibarra<\/p>\n","protected":false},"excerpt":{"rendered":"<p>SLP.- Para el consejero estatal de MORENA Carlos Arreola los recientes cambios en la dirigencia nacional de este partido, solo significan un relevo generacional y no una divisi\u00f3n al interior de este instituto pol\u00edtico. Opin\u00f3 que la integraci\u00f3n de su ahora exdirigente Luisa Mar\u00eda Alcalde al gabinete de la presidenta Claudia Sheinbaum Pardo como titular de la Consejer\u00eda Jur\u00eddica de la presidencia, es un alto cargo porque significa ser la representante legal de la naci\u00f3n y de la presidenta. El morenista opin\u00f3 que Luis Mar\u00eda Alcalde cumpli\u00f3 una labor importante como dirigente nacional de MORENA, al afirmar que se trata [&hellip;]<\/p>\n","protected":false},"author":2,"featured_media":200485,"comment_status":"closed","ping_status":"closed","sticky":false,"template":"","format":"video","meta":{"_monsterinsights_skip_tracking":false,"_monsterinsights_sitenote_active":false,"_monsterinsights_sitenote_note":"","_monsterinsights_sitenote_category":0,"footnotes":""},"categories":[5,45],"tags":[],"class_list":["post-200470","post","type-post","status-publish","format-video","has-post-thumbnail","hentry","category-destacadas","category-localesyregionales","post_format-post-format-video","post--single"],"_links":{"self":[{"href":"https:\/\/canal7slp.tv\/2026\/wp-json\/wp\/v2\/posts\/200470","targetHints":{"allow":["GET"]}}],"collection":[{"href":"https:\/\/canal7slp.tv\/2026\/wp-json\/wp\/v2\/posts"}],"about":[{"href":"https:\/\/canal7slp.tv\/2026\/wp-json\/wp\/v2\/types\/post"}],"author":[{"embeddable":true,"href":"https:\/\/canal7slp.tv\/2026\/wp-json\/wp\/v2\/users\/2"}],"replies":[{"embeddable":true,"href":"https:\/\/canal7slp.tv\/2026\/wp-json\/wp\/v2\/comments?post=200470"}],"version-history":[{"count":3,"href":"https:\/\/canal7slp.tv\/2026\/wp-json\/wp\/v2\/posts\/200470\/revisions"}],"predecessor-version":[{"id":200486,"href":"https:\/\/canal7slp.tv\/2026\/wp-json\/wp\/v2\/posts\/200470\/revisions\/200486"}],"wp:featuredmedia":[{"embeddable":true,"href":"https:\/\/canal7slp.tv\/2026\/wp-json\/wp\/v2\/media\/200485"}],"wp:attachment":[{"href":"https:\/\/canal7slp.tv\/2026\/wp-json\/wp\/v2\/media?parent=200470"}],"wp:term":[{"taxonomy":"category","embeddable":true,"href":"https:\/\/canal7slp.tv\/2026\/wp-json\/wp\/v2\/categories?post=200470"},{"taxonomy":"post_tag","embeddable":true,"href":"https:\/\/canal7slp.tv\/2026\/wp-json\/wp\/v2\/tags?post=200470"}],"curies":[{"name":"wp","href":"https:\/\/api.w.org\/{rel}","templated":true}]}}