{"id":200448,"date":"2026-05-01T16:23:16","date_gmt":"2026-05-01T22:23:16","guid":{"rendered":"https:\/\/canal7slp.tv\/2026\/?p=200448"},"modified":"2026-05-01T16:23:16","modified_gmt":"2026-05-01T22:23:16","slug":"fgr-no-encuentra-evidencias-suficientes-para-justificar-extradicion-de-politicos-mexicanos","status":"publish","type":"post","link":"https:\/\/canal7slp.tv\/2026\/fgr-no-encuentra-evidencias-suficientes-para-justificar-extradicion-de-politicos-mexicanos\/","title":{"rendered":"FGR no encuentra evidencias suficientes para justificar extradici\u00f3n de pol\u00edticos mexicanos"},"content":{"rendered":"<p style=\"text-align: justify;\">M\u00e9xico.- Este viernes, la Fiscal\u00eda General de la Rep\u00fablica (FGR) inform\u00f3 que no cuenta con evidencias suficientes que justifiquen la \u201curgencia\u201d en la detenci\u00f3n y extradici\u00f3n de diez pol\u00edticos mexicanos \u2014entre ellos el gobernador de Sinaloa, Rub\u00e9n Rocha Moya\u2014, solicitada por autoridades de Estados Unidos.<\/p>\n<p style=\"text-align: justify;\">Ra\u00fal Armando Jim\u00e9nez V\u00e1zquez, titular de la Fiscal\u00eda Especializada de Control Competencial, detall\u00f3 en conferencia de prensa que \u201cno hay referencia, motivo, fundamento ni evidencia que permita explicar la urgencia de una detenci\u00f3n provisional\u201d.<\/p>\n<p style=\"text-align: justify;\">Ante este escenario, la FGR solicitar\u00e1 al Departamento de Justicia de Estados Unidos que, a trav\u00e9s de la Secretar\u00eda de Relaciones Exteriores, remita las pruebas y documentos necesarios para poder analizar el caso.<\/p>\n<p style=\"text-align: justify;\">\u201cEl organismo enviar\u00e1 una comunicaci\u00f3n a la Canciller\u00eda para que se requiera a la autoridad solicitante toda la informaci\u00f3n, argumentos e informes necesarios, mediante v\u00edas que garanticen la confidencialidad, a fin de que la Fiscal\u00eda pueda analizarlos y fijar una postura institucional\u201d, puntualiz\u00f3 el funcionario.<\/p>\n","protected":false},"excerpt":{"rendered":"<p>M\u00e9xico.- Este viernes, la Fiscal\u00eda General de la Rep\u00fablica (FGR) inform\u00f3 que no cuenta con evidencias suficientes que justifiquen la \u201curgencia\u201d en la detenci\u00f3n y extradici\u00f3n de diez pol\u00edticos mexicanos \u2014entre ellos el gobernador de Sinaloa, Rub\u00e9n Rocha Moya\u2014, solicitada por autoridades de Estados Unidos. Ra\u00fal Armando Jim\u00e9nez V\u00e1zquez, titular de la Fiscal\u00eda Especializada de Control Competencial, detall\u00f3 en conferencia de prensa que \u201cno hay referencia, motivo, fundamento ni evidencia que permita explicar la urgencia de una detenci\u00f3n provisional\u201d. Ante este escenario, la FGR solicitar\u00e1 al Departamento de Justicia de Estados Unidos que, a trav\u00e9s de la Secretar\u00eda de Relaciones [&hellip;]<\/p>\n","protected":false},"author":2,"featured_media":200449,"comment_status":"closed","ping_status":"closed","sticky":false,"template":"","format":"standard","meta":{"_monsterinsights_skip_tracking":false,"_monsterinsights_sitenote_active":false,"_monsterinsights_sitenote_note":"","_monsterinsights_sitenote_category":0,"footnotes":""},"categories":[46],"tags":[],"class_list":["post-200448","post","type-post","status-publish","format-standard","has-post-thumbnail","hentry","category-nacional","post--single"],"_links":{"self":[{"href":"https:\/\/canal7slp.tv\/2026\/wp-json\/wp\/v2\/posts\/200448","targetHints":{"allow":["GET"]}}],"collection":[{"href":"https:\/\/canal7slp.tv\/2026\/wp-json\/wp\/v2\/posts"}],"about":[{"href":"https:\/\/canal7slp.tv\/2026\/wp-json\/wp\/v2\/types\/post"}],"author":[{"embeddable":true,"href":"https:\/\/canal7slp.tv\/2026\/wp-json\/wp\/v2\/users\/2"}],"replies":[{"embeddable":true,"href":"https:\/\/canal7slp.tv\/2026\/wp-json\/wp\/v2\/comments?post=200448"}],"version-history":[{"count":1,"href":"https:\/\/canal7slp.tv\/2026\/wp-json\/wp\/v2\/posts\/200448\/revisions"}],"predecessor-version":[{"id":200450,"href":"https:\/\/canal7slp.tv\/2026\/wp-json\/wp\/v2\/posts\/200448\/revisions\/200450"}],"wp:featuredmedia":[{"embeddable":true,"href":"https:\/\/canal7slp.tv\/2026\/wp-json\/wp\/v2\/media\/200449"}],"wp:attachment":[{"href":"https:\/\/canal7slp.tv\/2026\/wp-json\/wp\/v2\/media?parent=200448"}],"wp:term":[{"taxonomy":"category","embeddable":true,"href":"https:\/\/canal7slp.tv\/2026\/wp-json\/wp\/v2\/categories?post=200448"},{"taxonomy":"post_tag","embeddable":true,"href":"https:\/\/canal7slp.tv\/2026\/wp-json\/wp\/v2\/tags?post=200448"}],"curies":[{"name":"wp","href":"https:\/\/api.w.org\/{rel}","templated":true}]}}