{"id":200441,"date":"2026-05-01T16:09:26","date_gmt":"2026-05-01T22:09:26","guid":{"rendered":"https:\/\/canal7slp.tv\/2026\/?p=200441"},"modified":"2026-05-01T16:09:26","modified_gmt":"2026-05-01T22:09:26","slug":"mexico-sera-sede-de-la-viii-cumbre-ue-mexico-en-mayo-de-2026","status":"publish","type":"post","link":"https:\/\/canal7slp.tv\/2026\/mexico-sera-sede-de-la-viii-cumbre-ue-mexico-en-mayo-de-2026\/","title":{"rendered":"M\u00e9xico ser\u00e1 sede de la VIII Cumbre UE\u2013M\u00e9xico en mayo de 2026"},"content":{"rendered":"<p style=\"text-align: justify;\">Ciudad de M\u00e9xico.- M\u00e9xico ser\u00e1 sede de la VIII Cumbre Uni\u00f3n Europea\u2013M\u00e9xico, programada para el 22 de mayo de 2026 en la Ciudad de M\u00e9xico, seg\u00fan confirm\u00f3 Ant\u00f3nio Costa. El acuerdo se alcanz\u00f3 durante una conversaci\u00f3n telef\u00f3nica con la presidenta Claudia Sheinbaum Pardo.<\/p>\n<p style=\"text-align: justify;\">En su mensaje, Costa subray\u00f3 que la cumbre representa una oportunidad clave para fortalecer la cooperaci\u00f3n entre M\u00e9xico y Europa, con \u00e9nfasis en el crecimiento sostenible y el respeto al derecho internacional. \u201cNuestra visi\u00f3n com\u00fan del mundo nos une a ambos lados del oc\u00e9ano\u201d, afirm\u00f3.<\/p>\n<p style=\"text-align: justify;\">Por su parte, la presidenta Sheinbaum expres\u00f3 su inter\u00e9s en asistir a la Cumbre Iberoamericana; sin embargo, tambi\u00e9n analiza su posible participaci\u00f3n en el Foro de Cooperaci\u00f3n Econ\u00f3mica Asia-Pac\u00edfico (APEC), previsto para noviembre, cuyas fechas podr\u00edan coincidir con el encuentro en Madrid.<\/p>\n<p style=\"text-align: justify;\">Se espera que esta octava edici\u00f3n de la cumbre marque un momento decisivo en la relaci\u00f3n bilateral, con la firma del Acuerdo de Asociaci\u00f3n Estrat\u00e9gica en materia Pol\u00edtica, Econ\u00f3mica y de Cooperaci\u00f3n \u2014conocido como Acuerdo Global Modernizado\u2014, as\u00ed como del Acuerdo Interino sobre Comercio. Ambos instrumentos buscan actualizar y profundizar los v\u00ednculos pol\u00edticos y econ\u00f3micos establecidos hace 25 a\u00f1os.<\/p>\n<p style=\"text-align: justify;\">Los l\u00edderes tambi\u00e9n reafirmaron su compromiso con el multilateralismo y la cooperaci\u00f3n internacional como pilares fundamentales para enfrentar los desaf\u00edos globales actuales. La delegaci\u00f3n europea estar\u00e1 encabezada por Ant\u00f3nio Costa y Ursula von der Leyen, quienes iniciar\u00e1n actividades en M\u00e9xico a partir del 21 de mayo.<\/p>\n","protected":false},"excerpt":{"rendered":"<p>Ciudad de M\u00e9xico.- M\u00e9xico ser\u00e1 sede de la VIII Cumbre Uni\u00f3n Europea\u2013M\u00e9xico, programada para el 22 de mayo de 2026 en la Ciudad de M\u00e9xico, seg\u00fan confirm\u00f3 Ant\u00f3nio Costa. El acuerdo se alcanz\u00f3 durante una conversaci\u00f3n telef\u00f3nica con la presidenta Claudia Sheinbaum Pardo. En su mensaje, Costa subray\u00f3 que la cumbre representa una oportunidad clave para fortalecer la cooperaci\u00f3n entre M\u00e9xico y Europa, con \u00e9nfasis en el crecimiento sostenible y el respeto al derecho internacional. \u201cNuestra visi\u00f3n com\u00fan del mundo nos une a ambos lados del oc\u00e9ano\u201d, afirm\u00f3. Por su parte, la presidenta Sheinbaum expres\u00f3 su inter\u00e9s en asistir a [&hellip;]<\/p>\n","protected":false},"author":2,"featured_media":200442,"comment_status":"closed","ping_status":"closed","sticky":false,"template":"","format":"standard","meta":{"_monsterinsights_skip_tracking":false,"_monsterinsights_sitenote_active":false,"_monsterinsights_sitenote_note":"","_monsterinsights_sitenote_category":0,"footnotes":""},"categories":[46],"tags":[],"class_list":["post-200441","post","type-post","status-publish","format-standard","has-post-thumbnail","hentry","category-nacional","post--single"],"_links":{"self":[{"href":"https:\/\/canal7slp.tv\/2026\/wp-json\/wp\/v2\/posts\/200441","targetHints":{"allow":["GET"]}}],"collection":[{"href":"https:\/\/canal7slp.tv\/2026\/wp-json\/wp\/v2\/posts"}],"about":[{"href":"https:\/\/canal7slp.tv\/2026\/wp-json\/wp\/v2\/types\/post"}],"author":[{"embeddable":true,"href":"https:\/\/canal7slp.tv\/2026\/wp-json\/wp\/v2\/users\/2"}],"replies":[{"embeddable":true,"href":"https:\/\/canal7slp.tv\/2026\/wp-json\/wp\/v2\/comments?post=200441"}],"version-history":[{"count":1,"href":"https:\/\/canal7slp.tv\/2026\/wp-json\/wp\/v2\/posts\/200441\/revisions"}],"predecessor-version":[{"id":200443,"href":"https:\/\/canal7slp.tv\/2026\/wp-json\/wp\/v2\/posts\/200441\/revisions\/200443"}],"wp:featuredmedia":[{"embeddable":true,"href":"https:\/\/canal7slp.tv\/2026\/wp-json\/wp\/v2\/media\/200442"}],"wp:attachment":[{"href":"https:\/\/canal7slp.tv\/2026\/wp-json\/wp\/v2\/media?parent=200441"}],"wp:term":[{"taxonomy":"category","embeddable":true,"href":"https:\/\/canal7slp.tv\/2026\/wp-json\/wp\/v2\/categories?post=200441"},{"taxonomy":"post_tag","embeddable":true,"href":"https:\/\/canal7slp.tv\/2026\/wp-json\/wp\/v2\/tags?post=200441"}],"curies":[{"name":"wp","href":"https:\/\/api.w.org\/{rel}","templated":true}]}}