{"id":200432,"date":"2026-05-01T16:34:46","date_gmt":"2026-05-01T22:34:46","guid":{"rendered":"https:\/\/canal7slp.tv\/2026\/?p=200432"},"modified":"2026-05-01T16:34:46","modified_gmt":"2026-05-01T22:34:46","slug":"inauguran-tlaqueparte-con-artesania-joyeria-y-decoracion-de-mexico-y-el-mundo-para-los-potosinos","status":"publish","type":"post","link":"https:\/\/canal7slp.tv\/2026\/inauguran-tlaqueparte-con-artesania-joyeria-y-decoracion-de-mexico-y-el-mundo-para-los-potosinos\/","title":{"rendered":"Inauguran TlaquepArte, con artesan\u00eda, joyer\u00eda y decoraci\u00f3n de M\u00e9xico y el mundo para los potosinos"},"content":{"rendered":"<ul>\n<li style=\"text-align: justify;\">Cientos de expositores integran la edici\u00f3n 2026 desde este primero al cuatro de mayo en el Centro de Negocios Potos\u00ed.<\/li>\n<\/ul>\n<p style=\"text-align: justify;\">SLP.-\u00a0El d\u00eda primero de mayo, autoridades de San Luis Potos\u00ed y artesanos cortaron el listo que dio inauguraci\u00f3n a la exposici\u00f3n internacional de artesan\u00eda, joyer\u00eda y decoraciones \u201cTlaquepArte\u201d en su edici\u00f3n 2026 en la ciudad capital.<\/p>\n<p style=\"text-align: justify;\">\u201cLa seriedad de nuestros expositores es indiscutible (\u2026) tenemos 30 a\u00f1os y es la cuarta edici\u00f3n aqu\u00ed en San Luis Potos\u00ed y TlaquepArte ya se va a quedar, estamos comprometidos con el estado\u201d.<\/p>\n<p style=\"text-align: justify;\">Ser\u00e1 del primero al cuatro de mayo que la muestra internacional tenga como sede el Centro de Negocios Potos\u00ed, donde 200 expositores mexicanos y de 18 pa\u00edses del mundo muestren sus productos.<\/p>\n<p style=\"text-align: justify;\">\u201cEs la cuarta vez, estamos muy contentos de estar nuevamente aqu\u00ed en San Luis, la gente poco a poco nos ha respondido bastante bien, los expositores pues vienen contentos de venir aqu\u00ed a esta exposici\u00f3n en San Luis Potos\u00ed\u201d.<\/p>\n<p style=\"text-align: justify;\">En este espacio la poblaci\u00f3n que acuda podr\u00e1 encontrar productos originarios de Jalisco, Michoac\u00e1n, Oaxaca, Chiapas, Veracruz, Guanajuato, Chihuahua, Zacatecas, Puebla, entre otros.<\/p>\n<p style=\"text-align: justify;\">\u201cY esa variedad nacional hace pues muy interesante, y mucha oferta bastante atractiva de productos nacionales\u201d.<\/p>\n<p style=\"text-align: justify;\">Adem\u00e1s de artesan\u00edas de diversas partes del mundo como Per\u00fa, Colombia, Argentina, Cuba Guatemala, Paraguay, Ecuador, y otros pa\u00edses.<\/p>\n<p style=\"text-align: justify;\">\u201cExpositores de la India, de Turqu\u00eda, de Colombia un grupo importante, vienen de Cuba, vienen de Ecuador, vienen de Per\u00fa, vienen de Rusia, del \u00c1frica y eso pues es una buena propuesta, productos \u00fanicos a precio de fabricante\u201d.<\/p>\n<p style=\"text-align: justify;\">Madera ex\u00f3tica, pinturas, cajas ornamentales, ropa, cer\u00e1mica, l\u00e1mparas, caf\u00e9, bisuter\u00eda, tapetes, sombreros, comida y m\u00e1s, son los productos se podr\u00e1n encontrar por los visitantes.<\/p>\n<p style=\"text-align: justify;\">\u201cLo Interesante es que TlaquepArte, el comit\u00e9 organizador, da la certeza de calidad y precio justo (\u2026) ya es una expo muy consolidada a nivel nacional\u201d.<\/p>\n<p style=\"text-align: justify;\">Por: Juan Carlos Contreras<\/p>\n","protected":false},"excerpt":{"rendered":"<p>Cientos de expositores integran la edici\u00f3n 2026 desde este primero al cuatro de mayo en el Centro de Negocios Potos\u00ed. SLP.-\u00a0El d\u00eda primero de mayo, autoridades de San Luis Potos\u00ed y artesanos cortaron el listo que dio inauguraci\u00f3n a la exposici\u00f3n internacional de artesan\u00eda, joyer\u00eda y decoraciones \u201cTlaquepArte\u201d en su edici\u00f3n 2026 en la ciudad capital. \u201cLa seriedad de nuestros expositores es indiscutible (\u2026) tenemos 30 a\u00f1os y es la cuarta edici\u00f3n aqu\u00ed en San Luis Potos\u00ed y TlaquepArte ya se va a quedar, estamos comprometidos con el estado\u201d. Ser\u00e1 del primero al cuatro de mayo que la muestra internacional [&hellip;]<\/p>\n","protected":false},"author":2,"featured_media":200454,"comment_status":"closed","ping_status":"closed","sticky":false,"template":"","format":"video","meta":{"_monsterinsights_skip_tracking":false,"_monsterinsights_sitenote_active":false,"_monsterinsights_sitenote_note":"","_monsterinsights_sitenote_category":0,"footnotes":""},"categories":[5,45],"tags":[],"class_list":["post-200432","post","type-post","status-publish","format-video","has-post-thumbnail","hentry","category-destacadas","category-localesyregionales","post_format-post-format-video","post--single"],"_links":{"self":[{"href":"https:\/\/canal7slp.tv\/2026\/wp-json\/wp\/v2\/posts\/200432","targetHints":{"allow":["GET"]}}],"collection":[{"href":"https:\/\/canal7slp.tv\/2026\/wp-json\/wp\/v2\/posts"}],"about":[{"href":"https:\/\/canal7slp.tv\/2026\/wp-json\/wp\/v2\/types\/post"}],"author":[{"embeddable":true,"href":"https:\/\/canal7slp.tv\/2026\/wp-json\/wp\/v2\/users\/2"}],"replies":[{"embeddable":true,"href":"https:\/\/canal7slp.tv\/2026\/wp-json\/wp\/v2\/comments?post=200432"}],"version-history":[{"count":4,"href":"https:\/\/canal7slp.tv\/2026\/wp-json\/wp\/v2\/posts\/200432\/revisions"}],"predecessor-version":[{"id":200455,"href":"https:\/\/canal7slp.tv\/2026\/wp-json\/wp\/v2\/posts\/200432\/revisions\/200455"}],"wp:featuredmedia":[{"embeddable":true,"href":"https:\/\/canal7slp.tv\/2026\/wp-json\/wp\/v2\/media\/200454"}],"wp:attachment":[{"href":"https:\/\/canal7slp.tv\/2026\/wp-json\/wp\/v2\/media?parent=200432"}],"wp:term":[{"taxonomy":"category","embeddable":true,"href":"https:\/\/canal7slp.tv\/2026\/wp-json\/wp\/v2\/categories?post=200432"},{"taxonomy":"post_tag","embeddable":true,"href":"https:\/\/canal7slp.tv\/2026\/wp-json\/wp\/v2\/tags?post=200432"}],"curies":[{"name":"wp","href":"https:\/\/api.w.org\/{rel}","templated":true}]}}