{"id":200428,"date":"2026-05-01T15:22:52","date_gmt":"2026-05-01T21:22:52","guid":{"rendered":"https:\/\/canal7slp.tv\/2026\/?p=200428"},"modified":"2026-05-01T15:22:52","modified_gmt":"2026-05-01T21:22:52","slug":"rally-rac-1000-en-san-luis-potosi","status":"publish","type":"post","link":"https:\/\/canal7slp.tv\/2026\/rally-rac-1000-en-san-luis-potosi\/","title":{"rendered":"Rally RAC 1000 en San Luis Potos\u00ed"},"content":{"rendered":"<p style=\"text-align: justify;\">SLP.- Todo se encuentra listo para la edici\u00f3n n\u00famero 33 del emblem\u00e1tico Rally RAC 1000, que se llevar\u00e1 a cabo este 1 y 2 de mayo en San Luis Potos\u00ed, siendo sede de la segunda fecha del Campeonato Mexicano de Rallies y del FIA NACAM Rally Championship en la temporada 2026.<\/p>\n<p style=\"text-align: justify;\">El evento contara con un total de 12 etapas cronometradas, en las que pilotos, navegantes y equipos deber\u00e1n enfrentar los exigentes caminos de terracer\u00eda caracter\u00edsticos de la regi\u00f3n potosina, garantizando un espect\u00e1culo lleno de adrenalina y emoci\u00f3n.<\/p>\n<p style=\"text-align: justify;\">Para esta segunda fecha del calendario, un total de 11 tripulaciones se dar\u00e1n cita en busca de la victoria, destacando la participaci\u00f3n de grandes exponentes del rallismo nacional.<\/p>\n<p style=\"text-align: justify;\">Cabe destacar que el piloto potosino Ricardo Cordero, junto a Marco Hern\u00e1ndez, tendr\u00e1n participaci\u00f3n con su ya reconocido Citro\u00ebn C3-RS, dentro de la altamente competitiva categor\u00eda Rally2.<\/p>\n","protected":false},"excerpt":{"rendered":"<p>SLP.- Todo se encuentra listo para la edici\u00f3n n\u00famero 33 del emblem\u00e1tico Rally RAC 1000, que se llevar\u00e1 a cabo este 1 y 2 de mayo en San Luis Potos\u00ed, siendo sede de la segunda fecha del Campeonato Mexicano de Rallies y del FIA NACAM Rally Championship en la temporada 2026. El evento contara con un total de 12 etapas cronometradas, en las que pilotos, navegantes y equipos deber\u00e1n enfrentar los exigentes caminos de terracer\u00eda caracter\u00edsticos de la regi\u00f3n potosina, garantizando un espect\u00e1culo lleno de adrenalina y emoci\u00f3n. Para esta segunda fecha del calendario, un total de 11 tripulaciones se [&hellip;]<\/p>\n","protected":false},"author":2,"featured_media":200430,"comment_status":"closed","ping_status":"closed","sticky":false,"template":"","format":"video","meta":{"_monsterinsights_skip_tracking":false,"_monsterinsights_sitenote_active":false,"_monsterinsights_sitenote_note":"","_monsterinsights_sitenote_category":0,"footnotes":""},"categories":[7,5],"tags":[],"class_list":["post-200428","post","type-post","status-publish","format-video","has-post-thumbnail","hentry","category-deportes","category-destacadas","post_format-post-format-video","post--single"],"_links":{"self":[{"href":"https:\/\/canal7slp.tv\/2026\/wp-json\/wp\/v2\/posts\/200428","targetHints":{"allow":["GET"]}}],"collection":[{"href":"https:\/\/canal7slp.tv\/2026\/wp-json\/wp\/v2\/posts"}],"about":[{"href":"https:\/\/canal7slp.tv\/2026\/wp-json\/wp\/v2\/types\/post"}],"author":[{"embeddable":true,"href":"https:\/\/canal7slp.tv\/2026\/wp-json\/wp\/v2\/users\/2"}],"replies":[{"embeddable":true,"href":"https:\/\/canal7slp.tv\/2026\/wp-json\/wp\/v2\/comments?post=200428"}],"version-history":[{"count":1,"href":"https:\/\/canal7slp.tv\/2026\/wp-json\/wp\/v2\/posts\/200428\/revisions"}],"predecessor-version":[{"id":200431,"href":"https:\/\/canal7slp.tv\/2026\/wp-json\/wp\/v2\/posts\/200428\/revisions\/200431"}],"wp:featuredmedia":[{"embeddable":true,"href":"https:\/\/canal7slp.tv\/2026\/wp-json\/wp\/v2\/media\/200430"}],"wp:attachment":[{"href":"https:\/\/canal7slp.tv\/2026\/wp-json\/wp\/v2\/media?parent=200428"}],"wp:term":[{"taxonomy":"category","embeddable":true,"href":"https:\/\/canal7slp.tv\/2026\/wp-json\/wp\/v2\/categories?post=200428"},{"taxonomy":"post_tag","embeddable":true,"href":"https:\/\/canal7slp.tv\/2026\/wp-json\/wp\/v2\/tags?post=200428"}],"curies":[{"name":"wp","href":"https:\/\/api.w.org\/{rel}","templated":true}]}}