{"id":200417,"date":"2026-05-01T15:07:28","date_gmt":"2026-05-01T21:07:28","guid":{"rendered":"https:\/\/canal7slp.tv\/2026\/?p=200417"},"modified":"2026-05-01T15:07:28","modified_gmt":"2026-05-01T21:07:28","slug":"ruben-rocha-moya-rechaza-solicitar-licencia-tras-acusaciones-de-cinculos-con-el-cartel-de-sinaloa","status":"publish","type":"post","link":"https:\/\/canal7slp.tv\/2026\/ruben-rocha-moya-rechaza-solicitar-licencia-tras-acusaciones-de-cinculos-con-el-cartel-de-sinaloa\/","title":{"rendered":"Rub\u00e9n Rocha Moya rechaza solicitar licencia tras acusaciones de c\u00ednculos con el C\u00e1rtel de Sinaloa"},"content":{"rendered":"<p style=\"text-align: justify;\">Culiac\u00e1n.- Rub\u00e9n Rocha Moya, gobernador de Sinaloa, asegur\u00f3 que no solicitar\u00e1 licencia para separarse de su cargo, pese a las acusaciones de la justicia estadounidense que lo vinculan con el C\u00e1rtel de Sinaloa. Durante un evento en Navolato, el mandatario fue enf\u00e1tico: \u201cNo voy a pedir licencia. No adelantemos v\u00edsperas, todo en su momento\u201d.<\/p>\n<p style=\"text-align: justify;\">El gobernador tambi\u00e9n respald\u00f3 las declaraciones de la presidenta Claudia Sheinbaum Pardo, quien reiter\u00f3 el compromiso de su administraci\u00f3n con la soberan\u00eda nacional y afirm\u00f3 que no se encubrir\u00e1 a funcionarios implicados en delitos relacionados con el narcotr\u00e1fico. En ese contexto, Rocha Moya dijo confiar en su inocencia y asegur\u00f3 no temer a las acusaciones, al considerarse \u201cuna persona limpia\u201d.<\/p>\n<p style=\"text-align: justify;\">Por su parte, Sheinbaum Pardo se\u00f1al\u00f3 en conferencia matutina que su gobierno no proteger\u00e1 a nadie que haya cometido delitos. No obstante, tambi\u00e9n advirti\u00f3 que algunas imputaciones podr\u00edan carecer de pruebas s\u00f3lidas o responder a motivaciones pol\u00edticas.<\/p>\n<p style=\"text-align: justify;\">Estas declaraciones se dan luego de que el Departamento de Justicia de Estados Unidos anunciara cargos contra diez ciudadanos mexicanos \u2014entre ellos Rocha Moya, el senador Enrique Inzunza y el alcalde de Culiac\u00e1n, Juan de Dios G\u00e1mez\u2014 por presuntos delitos de narcotr\u00e1fico y tr\u00e1fico de armas, presuntamente vinculados con el C\u00e1rtel de Sinaloa y la facci\u00f3n conocida como Los Chapitos.<\/p>\n","protected":false},"excerpt":{"rendered":"<p>Culiac\u00e1n.- Rub\u00e9n Rocha Moya, gobernador de Sinaloa, asegur\u00f3 que no solicitar\u00e1 licencia para separarse de su cargo, pese a las acusaciones de la justicia estadounidense que lo vinculan con el C\u00e1rtel de Sinaloa. Durante un evento en Navolato, el mandatario fue enf\u00e1tico: \u201cNo voy a pedir licencia. No adelantemos v\u00edsperas, todo en su momento\u201d. El gobernador tambi\u00e9n respald\u00f3 las declaraciones de la presidenta Claudia Sheinbaum Pardo, quien reiter\u00f3 el compromiso de su administraci\u00f3n con la soberan\u00eda nacional y afirm\u00f3 que no se encubrir\u00e1 a funcionarios implicados en delitos relacionados con el narcotr\u00e1fico. En ese contexto, Rocha Moya dijo confiar en [&hellip;]<\/p>\n","protected":false},"author":2,"featured_media":200418,"comment_status":"closed","ping_status":"closed","sticky":false,"template":"","format":"standard","meta":{"_monsterinsights_skip_tracking":false,"_monsterinsights_sitenote_active":false,"_monsterinsights_sitenote_note":"","_monsterinsights_sitenote_category":0,"footnotes":""},"categories":[46],"tags":[],"class_list":["post-200417","post","type-post","status-publish","format-standard","has-post-thumbnail","hentry","category-nacional","post--single"],"_links":{"self":[{"href":"https:\/\/canal7slp.tv\/2026\/wp-json\/wp\/v2\/posts\/200417","targetHints":{"allow":["GET"]}}],"collection":[{"href":"https:\/\/canal7slp.tv\/2026\/wp-json\/wp\/v2\/posts"}],"about":[{"href":"https:\/\/canal7slp.tv\/2026\/wp-json\/wp\/v2\/types\/post"}],"author":[{"embeddable":true,"href":"https:\/\/canal7slp.tv\/2026\/wp-json\/wp\/v2\/users\/2"}],"replies":[{"embeddable":true,"href":"https:\/\/canal7slp.tv\/2026\/wp-json\/wp\/v2\/comments?post=200417"}],"version-history":[{"count":1,"href":"https:\/\/canal7slp.tv\/2026\/wp-json\/wp\/v2\/posts\/200417\/revisions"}],"predecessor-version":[{"id":200419,"href":"https:\/\/canal7slp.tv\/2026\/wp-json\/wp\/v2\/posts\/200417\/revisions\/200419"}],"wp:featuredmedia":[{"embeddable":true,"href":"https:\/\/canal7slp.tv\/2026\/wp-json\/wp\/v2\/media\/200418"}],"wp:attachment":[{"href":"https:\/\/canal7slp.tv\/2026\/wp-json\/wp\/v2\/media?parent=200417"}],"wp:term":[{"taxonomy":"category","embeddable":true,"href":"https:\/\/canal7slp.tv\/2026\/wp-json\/wp\/v2\/categories?post=200417"},{"taxonomy":"post_tag","embeddable":true,"href":"https:\/\/canal7slp.tv\/2026\/wp-json\/wp\/v2\/tags?post=200417"}],"curies":[{"name":"wp","href":"https:\/\/api.w.org\/{rel}","templated":true}]}}