{"id":200410,"date":"2026-05-01T14:48:27","date_gmt":"2026-05-01T20:48:27","guid":{"rendered":"https:\/\/canal7slp.tv\/2026\/?p=200410"},"modified":"2026-05-01T14:48:27","modified_gmt":"2026-05-01T20:48:27","slug":"en-el-marco-del-dia-del-trabajo-gobierno-federal-impulsa-nueva-agenda-laboral","status":"publish","type":"post","link":"https:\/\/canal7slp.tv\/2026\/en-el-marco-del-dia-del-trabajo-gobierno-federal-impulsa-nueva-agenda-laboral\/","title":{"rendered":"En el marco del D\u00eda del Trabajo, gobierno federal impulsa nueva agenda laboral"},"content":{"rendered":"<p style=\"text-align: justify;\" data-start=\"2132\" data-end=\"2338\">M\u00e9xico.- En el marco del <span class=\"hover:entity-accent entity-underline inline cursor-pointer align-baseline\"><span class=\"whitespace-normal\">D\u00eda del Trabajo<\/span><\/span>, la presidenta de M\u00e9xico, <span class=\"hover:entity-accent entity-underline inline cursor-pointer align-baseline\"><span class=\"whitespace-normal\">Claudia Sheinbaum Pardo<\/span><\/span>, anunci\u00f3 una serie de medidas orientadas a fortalecer los derechos laborales en el pa\u00eds.<\/p>\n<p style=\"text-align: justify;\" data-start=\"2340\" data-end=\"2738\">Entre las principales acciones destacan el incremento salarial, la eliminaci\u00f3n de la subcontrataci\u00f3n (outsourcing), la mejora del sistema de pensiones y la incorporaci\u00f3n de seguridad social para trabajadores de plataformas digitales. Asimismo, se prev\u00e9 la reestructuraci\u00f3n de cinco millones de cr\u00e9ditos del Infonavit y Fovissste, as\u00ed como la prohibici\u00f3n de la brecha salarial por razones de g\u00e9nero.<\/p>\n<p style=\"text-align: justify;\" data-start=\"2740\" data-end=\"3122\">La mandataria inform\u00f3 que los trabajadores del Estado recibir\u00e1n, como m\u00ednimo, el salario medio registrado ante el <span class=\"hover:entity-accent entity-underline inline cursor-pointer align-baseline\"><span class=\"whitespace-normal\">Instituto Mexicano del Seguro Social<\/span><\/span> en 2024, con incrementos por encima de la inflaci\u00f3n. Adem\u00e1s, se firm\u00f3 un acuerdo para implementar de manera gradual una jornada laboral de 40 horas semanales y se anunci\u00f3 la expedici\u00f3n de un Certificado Laboral de Agroexportaci\u00f3n.<\/p>\n<p style=\"text-align: justify;\" data-start=\"3124\" data-end=\"3515\">Por su parte, el titular de la <span class=\"hover:entity-accent entity-underline inline cursor-pointer align-baseline\"><span class=\"whitespace-normal\">Secretar\u00eda del Trabajo y Previsi\u00f3n Social<\/span><\/span>, <span class=\"hover:entity-accent entity-underline inline cursor-pointer align-baseline\"><span class=\"whitespace-normal\">Marath Bola\u00f1os L\u00f3pez<\/span><\/span>, subray\u00f3 que el 1 de mayo representa un recordatorio de las luchas hist\u00f3ricas por los derechos de los trabajadores. Se\u00f1al\u00f3 que el modelo neoliberal descuid\u00f3 este sector, mientras que la actual administraci\u00f3n ha colocado los derechos laborales como eje central de la pol\u00edtica p\u00fablica.<\/p>\n<p style=\"text-align: justify;\" data-start=\"3517\" data-end=\"3933\">Entre los avances destacados se encuentra un incremento del 256% en el salario m\u00ednimo en t\u00e9rminos reales desde el fin del periodo neoliberal, la eliminaci\u00f3n del outsourcing \u2014que benefici\u00f3 a tres millones de trabajadores\u2014 y la reducci\u00f3n de la tasa de desocupaci\u00f3n del 3.7% al 2.4% entre 2018 y 2026. Asimismo, se reporta que 13.5 millones de personas han salido de la pobreza, en parte gracias a la pol\u00edtica salarial.<\/p>\n<p style=\"text-align: justify;\" data-start=\"3935\" data-end=\"4294\">Finalmente, la presidenta resalt\u00f3 los avances en la participaci\u00f3n de las mujeres en el \u00e1mbito laboral y reiter\u00f3 el compromiso del Gobierno para mejorar las condiciones de vida de la poblaci\u00f3n trabajadora. Durante la ceremonia, l\u00edderes sindicales expresaron su respaldo a estas pol\u00edticas y reconocieron los progresos en la protecci\u00f3n de los derechos laborales.<\/p>\n","protected":false},"excerpt":{"rendered":"<p>M\u00e9xico.- En el marco del D\u00eda del Trabajo, la presidenta de M\u00e9xico, Claudia Sheinbaum Pardo, anunci\u00f3 una serie de medidas orientadas a fortalecer los derechos laborales en el pa\u00eds. Entre las principales acciones destacan el incremento salarial, la eliminaci\u00f3n de la subcontrataci\u00f3n (outsourcing), la mejora del sistema de pensiones y la incorporaci\u00f3n de seguridad social para trabajadores de plataformas digitales. Asimismo, se prev\u00e9 la reestructuraci\u00f3n de cinco millones de cr\u00e9ditos del Infonavit y Fovissste, as\u00ed como la prohibici\u00f3n de la brecha salarial por razones de g\u00e9nero. La mandataria inform\u00f3 que los trabajadores del Estado recibir\u00e1n, como m\u00ednimo, el salario medio [&hellip;]<\/p>\n","protected":false},"author":2,"featured_media":200411,"comment_status":"closed","ping_status":"closed","sticky":false,"template":"","format":"standard","meta":{"_monsterinsights_skip_tracking":false,"_monsterinsights_sitenote_active":false,"_monsterinsights_sitenote_note":"","_monsterinsights_sitenote_category":0,"footnotes":""},"categories":[46],"tags":[],"class_list":["post-200410","post","type-post","status-publish","format-standard","has-post-thumbnail","hentry","category-nacional","post--single"],"_links":{"self":[{"href":"https:\/\/canal7slp.tv\/2026\/wp-json\/wp\/v2\/posts\/200410","targetHints":{"allow":["GET"]}}],"collection":[{"href":"https:\/\/canal7slp.tv\/2026\/wp-json\/wp\/v2\/posts"}],"about":[{"href":"https:\/\/canal7slp.tv\/2026\/wp-json\/wp\/v2\/types\/post"}],"author":[{"embeddable":true,"href":"https:\/\/canal7slp.tv\/2026\/wp-json\/wp\/v2\/users\/2"}],"replies":[{"embeddable":true,"href":"https:\/\/canal7slp.tv\/2026\/wp-json\/wp\/v2\/comments?post=200410"}],"version-history":[{"count":1,"href":"https:\/\/canal7slp.tv\/2026\/wp-json\/wp\/v2\/posts\/200410\/revisions"}],"predecessor-version":[{"id":200412,"href":"https:\/\/canal7slp.tv\/2026\/wp-json\/wp\/v2\/posts\/200410\/revisions\/200412"}],"wp:featuredmedia":[{"embeddable":true,"href":"https:\/\/canal7slp.tv\/2026\/wp-json\/wp\/v2\/media\/200411"}],"wp:attachment":[{"href":"https:\/\/canal7slp.tv\/2026\/wp-json\/wp\/v2\/media?parent=200410"}],"wp:term":[{"taxonomy":"category","embeddable":true,"href":"https:\/\/canal7slp.tv\/2026\/wp-json\/wp\/v2\/categories?post=200410"},{"taxonomy":"post_tag","embeddable":true,"href":"https:\/\/canal7slp.tv\/2026\/wp-json\/wp\/v2\/tags?post=200410"}],"curies":[{"name":"wp","href":"https:\/\/api.w.org\/{rel}","templated":true}]}}