{"id":200386,"date":"2026-05-01T08:57:35","date_gmt":"2026-05-01T14:57:35","guid":{"rendered":"https:\/\/canal7slp.tv\/2026\/?p=200386"},"modified":"2026-05-01T08:57:35","modified_gmt":"2026-05-01T14:57:35","slug":"impulsa-secretaria-de-energia-una-aviacion-mas-limpia-eficiente-y-sostenible","status":"publish","type":"post","link":"https:\/\/canal7slp.tv\/2026\/impulsa-secretaria-de-energia-una-aviacion-mas-limpia-eficiente-y-sostenible\/","title":{"rendered":"Impulsa Secretar\u00eda de Energ\u00eda una aviaci\u00f3n m\u00e1s limpia, eficiente y sostenible"},"content":{"rendered":"<p style=\"text-align: justify;\">SLP.- La Secretar\u00eda de Energ\u00eda (SENER) llev\u00f3 a cabo la Quinta Mesa T\u00e9cnica sobre Combustibles Sostenibles de Aviaci\u00f3n en M\u00e9xico, con el objetivo de avanzar en conjunto gobierno, industria, academia y organismos internacionales.<\/p>\n<p style=\"text-align: justify;\">Ello, hacia una aviaci\u00f3n m\u00e1s limpia, eficiente y sostenible.<\/p>\n<p style=\"text-align: justify;\">El subsecretario de Planeaci\u00f3n y Transici\u00f3n Energ\u00e9tica de la SENER, Jorge Marcial Islas Samperio, destac\u00f3 que esta mesa de di\u00e1logo ha permitido consolidar las bases t\u00e9cnicas, regulatorias, financieras e industriales enfocadas al desarrollo de pol\u00edticas p\u00fablicas que promuevan la producci\u00f3n y uso del SAF en M\u00e9xico.<\/p>\n<p style=\"text-align: justify;\">Ante representantes de las secretar\u00edas de Medio Ambiente y Recursos Naturales; Hacienda y Cr\u00e9dito P\u00fablico; Econom\u00eda; Infraestructura, Comunicaciones y Transportes; de la Agencia Federal de Aviaci\u00f3n Civil; Aeropuertos y Servicios Auxiliares; la Organizaci\u00f3n de Aviaci\u00f3n Civil Internacional&#8230; adem\u00e1s de la industria a\u00e9rea, academia y empresas relacionadas con el SAF, precis\u00f3 que su participaci\u00f3n y presencia confirma que el desarrollo ordenado de biocombustibles, en espec\u00edfico de combustibles sostenibles de aviaci\u00f3n en el pa\u00eds, es una prioridad compartida.<\/p>\n<p style=\"text-align: justify;\">En la sesi\u00f3n celebrada en la sede de la SENER, el subsecretario Islas Samperio subray\u00f3 que el desarrollo de combustibles sostenibles de aviaci\u00f3n no es \u00fanicamente un reto energ\u00e9tico o tecnol\u00f3gico, sino oportunidad estrat\u00e9gica para fortalecer la soberan\u00eda energ\u00e9tica nacional a trav\u00e9s de cadenas de valor sostenibles, crear empleos, atraer inversiones y posicionar a M\u00e9xico como un actor relevante en la transici\u00f3n energ\u00e9tica global.<\/p>\n<p style=\"text-align: justify;\">Al celebrar la apertura de todas las partes para llevar a cabo el di\u00e1logo abierto, t\u00e9cnico y colaborativo, Islas Samperio, asever\u00f3: \u201clas decisiones que tomemos hoy tendr\u00e1n impacto no solo para el sector energ\u00e9tico, sino para la competitividad y sostenibilidad del pa\u00eds\u201d.<\/p>\n<p style=\"text-align: justify;\">Durante la jornada se dio seguimiento a avances en la materia, el estado de estudios de factibilidad y se analiz\u00f3 la contribuci\u00f3n del SAF en el cumplimiento de las metas clim\u00e1ticas, particularmente, el avance en el desarrollo de la Hoja de Ruta en el marco de las Contribuciones Determinadas a Nivel Nacional.<\/p>\n<p style=\"text-align: justify;\">En este contexto, se presentaron avances en materia de infraestructura, como son la estrategia para vuelos verdes y la habilitaci\u00f3n de infraestructura para su mezcla con petrol\u00edferos; as\u00ed como esquemas de financiamiento e implementaci\u00f3n que ser\u00e1n clave para acelerar la construcci\u00f3n de la Hoja de Ruta del SAF en M\u00e9xico.<\/p>\n<p>Por: Paulina Rodr\u00edguez<\/p>\n","protected":false},"excerpt":{"rendered":"<p>SLP.- La Secretar\u00eda de Energ\u00eda (SENER) llev\u00f3 a cabo la Quinta Mesa T\u00e9cnica sobre Combustibles Sostenibles de Aviaci\u00f3n en M\u00e9xico, con el objetivo de avanzar en conjunto gobierno, industria, academia y organismos internacionales. Ello, hacia una aviaci\u00f3n m\u00e1s limpia, eficiente y sostenible. El subsecretario de Planeaci\u00f3n y Transici\u00f3n Energ\u00e9tica de la SENER, Jorge Marcial Islas Samperio, destac\u00f3 que esta mesa de di\u00e1logo ha permitido consolidar las bases t\u00e9cnicas, regulatorias, financieras e industriales enfocadas al desarrollo de pol\u00edticas p\u00fablicas que promuevan la producci\u00f3n y uso del SAF en M\u00e9xico. Ante representantes de las secretar\u00edas de Medio Ambiente y Recursos Naturales; Hacienda [&hellip;]<\/p>\n","protected":false},"author":2,"featured_media":200391,"comment_status":"closed","ping_status":"closed","sticky":false,"template":"","format":"video","meta":{"_monsterinsights_skip_tracking":false,"_monsterinsights_sitenote_active":false,"_monsterinsights_sitenote_note":"","_monsterinsights_sitenote_category":0,"footnotes":""},"categories":[5,45,46],"tags":[],"class_list":["post-200386","post","type-post","status-publish","format-video","has-post-thumbnail","hentry","category-destacadas","category-localesyregionales","category-nacional","post_format-post-format-video","post--single"],"_links":{"self":[{"href":"https:\/\/canal7slp.tv\/2026\/wp-json\/wp\/v2\/posts\/200386","targetHints":{"allow":["GET"]}}],"collection":[{"href":"https:\/\/canal7slp.tv\/2026\/wp-json\/wp\/v2\/posts"}],"about":[{"href":"https:\/\/canal7slp.tv\/2026\/wp-json\/wp\/v2\/types\/post"}],"author":[{"embeddable":true,"href":"https:\/\/canal7slp.tv\/2026\/wp-json\/wp\/v2\/users\/2"}],"replies":[{"embeddable":true,"href":"https:\/\/canal7slp.tv\/2026\/wp-json\/wp\/v2\/comments?post=200386"}],"version-history":[{"count":2,"href":"https:\/\/canal7slp.tv\/2026\/wp-json\/wp\/v2\/posts\/200386\/revisions"}],"predecessor-version":[{"id":200392,"href":"https:\/\/canal7slp.tv\/2026\/wp-json\/wp\/v2\/posts\/200386\/revisions\/200392"}],"wp:featuredmedia":[{"embeddable":true,"href":"https:\/\/canal7slp.tv\/2026\/wp-json\/wp\/v2\/media\/200391"}],"wp:attachment":[{"href":"https:\/\/canal7slp.tv\/2026\/wp-json\/wp\/v2\/media?parent=200386"}],"wp:term":[{"taxonomy":"category","embeddable":true,"href":"https:\/\/canal7slp.tv\/2026\/wp-json\/wp\/v2\/categories?post=200386"},{"taxonomy":"post_tag","embeddable":true,"href":"https:\/\/canal7slp.tv\/2026\/wp-json\/wp\/v2\/tags?post=200386"}],"curies":[{"name":"wp","href":"https:\/\/api.w.org\/{rel}","templated":true}]}}