{"id":200338,"date":"2026-04-30T19:39:17","date_gmt":"2026-05-01T01:39:17","guid":{"rendered":"https:\/\/canal7slp.tv\/2026\/?p=200338"},"modified":"2026-04-30T19:39:17","modified_gmt":"2026-05-01T01:39:17","slug":"protestan-jubilados-de-la-comision-federal-de-electricidad-por-el-recorte-de-sus-pensiones","status":"publish","type":"post","link":"https:\/\/canal7slp.tv\/2026\/protestan-jubilados-de-la-comision-federal-de-electricidad-por-el-recorte-de-sus-pensiones\/","title":{"rendered":"Protestan jubilados de la Comisi\u00f3n Federal de Electricidad por el recorte de sus pensiones"},"content":{"rendered":"<p style=\"text-align: justify;\"><span style=\"font-size: 1.21429rem;\">SLP.- Un grupo de jubilados de la Comisi\u00f3n Federal de Electricidad se manifestaron inconformes ante los recortes aplicados a sus pensiones, derivado de la reciente reforma al art\u00edculo 127 constitucional.<\/span><\/p>\n<p style=\"text-align: justify;\">Se\u00f1alan que estas reducciones ya se reflejan en sus ingresos como pensionados porque los descuentos oscilan entre el 10 y hasta el 60 por ciento.<\/p>\n<p style=\"text-align: justify;\">Y es que se\u00f1alan que el origen de la inconformidad radica en el art\u00edculo Segundo Transitorio de esta reforma publicado el pasado 10 de Abril en el Diario Oficial de la Federaci\u00f3n, el cual establece que las pensiones deber\u00e1n apegarse al l\u00edmite constitucional equivalente al 50 por ciento del salario del titular del ejecutivo federal.<\/p>\n<p style=\"text-align: justify;\">Afirman que en San Luis Potos\u00ed son entre 500 y mil pensionados los que est\u00e1n pasando por esta situaci\u00f3n al pedir tambi\u00e9n una mesa de di\u00e1logo con autoridades estatales y federales.<\/p>\n<p>Por: Claudio Ibarra<\/p>\n","protected":false},"excerpt":{"rendered":"<p>SLP.- Un grupo de jubilados de la Comisi\u00f3n Federal de Electricidad se manifestaron inconformes ante los recortes aplicados a sus pensiones, derivado de la reciente reforma al art\u00edculo 127 constitucional. Se\u00f1alan que estas reducciones ya se reflejan en sus ingresos como pensionados porque los descuentos oscilan entre el 10 y hasta el 60 por ciento. Y es que se\u00f1alan que el origen de la inconformidad radica en el art\u00edculo Segundo Transitorio de esta reforma publicado el pasado 10 de Abril en el Diario Oficial de la Federaci\u00f3n, el cual establece que las pensiones deber\u00e1n apegarse al l\u00edmite constitucional equivalente al [&hellip;]<\/p>\n","protected":false},"author":2,"featured_media":200368,"comment_status":"closed","ping_status":"closed","sticky":false,"template":"","format":"video","meta":{"_monsterinsights_skip_tracking":false,"_monsterinsights_sitenote_active":false,"_monsterinsights_sitenote_note":"","_monsterinsights_sitenote_category":0,"footnotes":""},"categories":[5,45],"tags":[],"class_list":["post-200338","post","type-post","status-publish","format-video","has-post-thumbnail","hentry","category-destacadas","category-localesyregionales","post_format-post-format-video","post--single"],"_links":{"self":[{"href":"https:\/\/canal7slp.tv\/2026\/wp-json\/wp\/v2\/posts\/200338","targetHints":{"allow":["GET"]}}],"collection":[{"href":"https:\/\/canal7slp.tv\/2026\/wp-json\/wp\/v2\/posts"}],"about":[{"href":"https:\/\/canal7slp.tv\/2026\/wp-json\/wp\/v2\/types\/post"}],"author":[{"embeddable":true,"href":"https:\/\/canal7slp.tv\/2026\/wp-json\/wp\/v2\/users\/2"}],"replies":[{"embeddable":true,"href":"https:\/\/canal7slp.tv\/2026\/wp-json\/wp\/v2\/comments?post=200338"}],"version-history":[{"count":2,"href":"https:\/\/canal7slp.tv\/2026\/wp-json\/wp\/v2\/posts\/200338\/revisions"}],"predecessor-version":[{"id":200369,"href":"https:\/\/canal7slp.tv\/2026\/wp-json\/wp\/v2\/posts\/200338\/revisions\/200369"}],"wp:featuredmedia":[{"embeddable":true,"href":"https:\/\/canal7slp.tv\/2026\/wp-json\/wp\/v2\/media\/200368"}],"wp:attachment":[{"href":"https:\/\/canal7slp.tv\/2026\/wp-json\/wp\/v2\/media?parent=200338"}],"wp:term":[{"taxonomy":"category","embeddable":true,"href":"https:\/\/canal7slp.tv\/2026\/wp-json\/wp\/v2\/categories?post=200338"},{"taxonomy":"post_tag","embeddable":true,"href":"https:\/\/canal7slp.tv\/2026\/wp-json\/wp\/v2\/tags?post=200338"}],"curies":[{"name":"wp","href":"https:\/\/api.w.org\/{rel}","templated":true}]}}