{"id":200337,"date":"2026-04-30T19:23:43","date_gmt":"2026-05-01T01:23:43","guid":{"rendered":"https:\/\/canal7slp.tv\/2026\/?p=200337"},"modified":"2026-04-30T19:23:43","modified_gmt":"2026-05-01T01:23:43","slug":"en-villa-de-pozos-se-celebro-a-la-ninez-en-su-dia","status":"publish","type":"post","link":"https:\/\/canal7slp.tv\/2026\/en-villa-de-pozos-se-celebro-a-la-ninez-en-su-dia\/","title":{"rendered":"En Villa de Pozos se celebr\u00f3 a la ni\u00f1ez en su d\u00eda"},"content":{"rendered":"<p style=\"text-align: justify;\"><span style=\"font-size: 1.21429rem;\">Villa de Pozos.- El Ayuntamiento de Villa de Pozos realiz\u00f3 una serie de actividades recreativas destinadas a los infantes este d\u00eda 30 de abril en el que se celebra el D\u00eda del Ni\u00f1o.<\/span><\/p>\n<p style=\"text-align: justify;\">Fue en la plaza principal del municipio 59 de la entidad potosina, que la presidenta concejal, Martha Patricia Aradillas Aradillas, ofreci\u00f3 unas palabras a los infantes y padres de familia presentes.<\/p>\n<p style=\"text-align: justify;\">\u201cSer ni\u00f1o es la aventura m\u00e1s grande de la vida y yo quiero desearles hoy a todos los ni\u00f1os que sean siempre felices, que sigan creciendo, sinti\u00e9ndose amados, cuidados y respetados y que sigan imaginando cosas gigantes\u201d.<\/p>\n<p style=\"text-align: justify;\">Destac\u00f3 el cuidado que catedr\u00e1ticos y familia realizan en aras de un correcto desarrollo.<\/p>\n<p style=\"text-align: justify;\">\u201cQuiero agradecerles a sus maestros, a sus pap\u00e1s por cuidarlos con tanto amor y pues desear que tengan muchos d\u00edas de estos, que sigan disfrutando\u201d.<\/p>\n<p style=\"text-align: justify;\">La celebraci\u00f3n no se limit\u00f3 al evento realizado en la plaza principal, pues se visitaron diversos espacios del municipio.<\/p>\n<p style=\"text-align: justify;\">\u201cIniciamos el d\u00eda de ayer con la visita de nuestro gobernador Ricardo Gallardo y de ah\u00ed estuvimos en otras colonias, hoy aqu\u00ed en cabecera y m\u00e1s tarde seguimos en Santa Rita, en Campi\u00f1a y as\u00ed vamos a andar en varias colonias\u201d.<\/p>\n<p style=\"text-align: justify;\">Las actividades son variadas y destinadas para quienes m\u00e1s lo necesitan.<\/p>\n<p style=\"text-align: justify;\">\u201cEntregamos juguetes, dulces y hacemos pues distintas actividades aqu\u00ed con los ni\u00f1os pues para que ellos se llenen de alegr\u00eda en un d\u00eda tan especial para la ni\u00f1ez (\u2026) la ni\u00f1ez pues es fundamental para nosotros\u201d.<\/p>\n<p style=\"text-align: justify;\">Afirm\u00f3 que adem\u00e1s de las actividades recreativas, hay otro tipo de acciones afirmativas a favor de las infancias.<\/p>\n<p style=\"text-align: justify;\">\u201cAyer estuvimos sesionando tambi\u00e9n aqu\u00ed en el municipio y pues pronto tendremos aqu\u00ed una biblioteca m\u00f3vil a donde vamos a ir a las colonias, a las escuelas\u201d.<\/p>\n<p>Por: Juan Carlos Contreras<\/p>\n","protected":false},"excerpt":{"rendered":"<p>Villa de Pozos.- El Ayuntamiento de Villa de Pozos realiz\u00f3 una serie de actividades recreativas destinadas a los infantes este d\u00eda 30 de abril en el que se celebra el D\u00eda del Ni\u00f1o. Fue en la plaza principal del municipio 59 de la entidad potosina, que la presidenta concejal, Martha Patricia Aradillas Aradillas, ofreci\u00f3 unas palabras a los infantes y padres de familia presentes. \u201cSer ni\u00f1o es la aventura m\u00e1s grande de la vida y yo quiero desearles hoy a todos los ni\u00f1os que sean siempre felices, que sigan creciendo, sinti\u00e9ndose amados, cuidados y respetados y que sigan imaginando cosas [&hellip;]<\/p>\n","protected":false},"author":2,"featured_media":200362,"comment_status":"closed","ping_status":"closed","sticky":false,"template":"","format":"video","meta":{"_monsterinsights_skip_tracking":false,"_monsterinsights_sitenote_active":false,"_monsterinsights_sitenote_note":"","_monsterinsights_sitenote_category":0,"footnotes":""},"categories":[5,43,45],"tags":[],"class_list":["post-200337","post","type-post","status-publish","format-video","has-post-thumbnail","hentry","category-destacadas","category-interior","category-localesyregionales","post_format-post-format-video","post--single"],"_links":{"self":[{"href":"https:\/\/canal7slp.tv\/2026\/wp-json\/wp\/v2\/posts\/200337","targetHints":{"allow":["GET"]}}],"collection":[{"href":"https:\/\/canal7slp.tv\/2026\/wp-json\/wp\/v2\/posts"}],"about":[{"href":"https:\/\/canal7slp.tv\/2026\/wp-json\/wp\/v2\/types\/post"}],"author":[{"embeddable":true,"href":"https:\/\/canal7slp.tv\/2026\/wp-json\/wp\/v2\/users\/2"}],"replies":[{"embeddable":true,"href":"https:\/\/canal7slp.tv\/2026\/wp-json\/wp\/v2\/comments?post=200337"}],"version-history":[{"count":3,"href":"https:\/\/canal7slp.tv\/2026\/wp-json\/wp\/v2\/posts\/200337\/revisions"}],"predecessor-version":[{"id":200366,"href":"https:\/\/canal7slp.tv\/2026\/wp-json\/wp\/v2\/posts\/200337\/revisions\/200366"}],"wp:featuredmedia":[{"embeddable":true,"href":"https:\/\/canal7slp.tv\/2026\/wp-json\/wp\/v2\/media\/200362"}],"wp:attachment":[{"href":"https:\/\/canal7slp.tv\/2026\/wp-json\/wp\/v2\/media?parent=200337"}],"wp:term":[{"taxonomy":"category","embeddable":true,"href":"https:\/\/canal7slp.tv\/2026\/wp-json\/wp\/v2\/categories?post=200337"},{"taxonomy":"post_tag","embeddable":true,"href":"https:\/\/canal7slp.tv\/2026\/wp-json\/wp\/v2\/tags?post=200337"}],"curies":[{"name":"wp","href":"https:\/\/api.w.org\/{rel}","templated":true}]}}